{"id":93233,"date":"2021-04-09T13:16:01","date_gmt":"2021-04-09T11:16:01","guid":{"rendered":"https:\/\/www.policlinicagipuzkoa.com\/policlinica-gipuzkoa-centro-medico-de-la-real-sociedad-agradece-que-les-hayan-dedicado-hoy-la-copa-del-rey-a-los-profesionales-sanitarios-de-gipuzkoa\/"},"modified":"2022-07-15T12:30:35","modified_gmt":"2022-07-15T10:30:35","slug":"policlinica-gipuzkoak-errealaren-zentro-medikoak-eskerrak-eman-nahi-dizkie-gaur-errege-kopa-gipuzkoako-osasun-arloko-profesionalei-eskaintzeagatik","status":"publish","type":"post","link":"https:\/\/www.policlinicagipuzkoa.com\/eu\/berriak\/policlinica-gipuzkoa-centro-medico-de-la-real-sociedad-agradece-que-les-hayan-dedicado-hoy-la-copa-del-rey-a-los-profesionales-sanitarios-de-gipuzkoa\/","title":{"rendered":"Policlinica Gipuzkoak, Errealaren zentro medikoak, eskerrak eman nahi dizkie gaur Errege Kopa Gipuzkoako osasun arloko profesionalei eskaintzeagatik"},"content":{"rendered":"\n<p>Gaur goizean, lehen orduan egindako ekitaldi hunkigarri batean, Errealeko zenbait jokalarik, Jokin Aperribay presidentea, Mikel Oyarzabal taldeko kapitaina eta Imanol Alguacil entrenatzailearekin batera, apirilaren 3an Sevillan irabazitako futboleko Errege Kopa eskaini diete Gipuzkoako osasun arloko profesionalei.<\/p>\n\n\n\n<!--more-->\n\n\n\n<p>\u00d3scar Pa\u00fal Quir\u00f3nsalud erakundeko Gipuzkoako Zuzendari Gerentearen hitzetan, &#8220;Quir\u00f3nsaluden, Gipuzkoan Errealaren osasun erreferente gisa, oso eskertuta gaude jokalariek osasungintzako langileekin izan duten keinu handi honengatik, bizi dugun une latz honetan&#8221;.<\/p>\n\n\n\n<p>Jokin Aperribay Errealeko presidenteak adierazi duenez, keinu honekin &#8220;gipuzkoarrei laguntzearren sufritzen ari zaretenagatik gure babesa erakutsi nahi dugu&#8221;. Sonia Roussel Gipuzkoako Quir\u00f3nsaludeko Zuzendari Medikoak ere eskerrak eman nahi izan die, &#8220;urte bortitz, gogor eta luze baten ondoren, pozez, ilusioz eta itxaropenez bete gaitu Errealak&#8221;. Amaitzeko, mezu hau bidali zien: &#8220;Eskerrik asko osasun arloan ere talde bat bezala jokatzeagatik&#8221;.<\/p>\n\n\n\n<figure class=\"wp-block-embed is-type-video is-provider-youtube wp-block-embed-youtube wp-embed-aspect-16-9 wp-has-aspect-ratio\"><div class=\"wp-block-embed__wrapper\">\n<iframe loading=\"lazy\" title=\"La Real Sociedad de F\u00fatbol comparte con los profesionales sanitarios de Gipuzkoa la Copa del Rey.\" width=\"500\" height=\"281\" src=\"https:\/\/www.youtube.com\/embed\/Hd1c4LQEphY?feature=oembed\" frameborder=\"0\" allow=\"accelerometer; autoplay; clipboard-write; encrypted-media; gyroscope; picture-in-picture; web-share\" referrerpolicy=\"strict-origin-when-cross-origin\" allowfullscreen><\/iframe>\n<\/div><\/figure>\n\n\n\n<p>Errealeko entrenatzailea, Imanol Alguacil oriotarra, adierazkorrenetariko bat izan da: &#8220;Urte hau gogorra izan da guztiontzat, baina, bereziki, osasun zerbitzuentzat, meritu handia zuena da, hau ez baita gelditu, egoera latza da eta meritu handia duzue&#8221;. Eta, amaitzeko, hurrengoa gehitu zuen: &#8220;Espero dut hau baliagarria izatea guztiok kontzientzia hartzeko eta horrela zuei laguntzeko&#8221;.<\/p>\n\n\n\n<p>Yolanda Tubilla Donostiako Quir\u00f3nsalud Eguneko Ospitaleko Erizaintzako Zuzendariak honela adierazi zuen bere esker ona keinu honengatik: &#8220;Horrelako esker ona harro egoteko modukoa da&#8221;. Amaia Azkue Policl\u00ednica Gipuzkoako Erizaintzako Zuzendariak gaineratu zuenez, &#8220;keinu ederra da erizain eta osasun-langile guztientzat, ez baikenuen espero. Badakigu Erreala oso sentibera dela bizi ari garen arazoarekiko, eta gaur omenaldi honekin ileak harrotu zaizkigu. Erizainak oso garrantzitsuak garelako une honetan, eta oso nekatuta gauden arren, bihotzez eskertzen dugu keinu hori&#8221;.<\/p>\n","protected":false},"excerpt":{"rendered":"","protected":false},"author":5,"featured_media":93166,"comment_status":"closed","ping_status":"closed","sticky":false,"template":"","format":"standard","meta":{"_acf_changed":false,"footnotes":""},"categories":[4689],"tags":[],"class_list":["post-93233","post","type-post","status-publish","format-standard","has-post-thumbnail","hentry","category-real-sociedad-eu"],"acf":[],"yoast_head":"<!-- This site is optimized with the Yoast SEO plugin v27.2 - https:\/\/yoast.com\/product\/yoast-seo-wordpress\/ -->\n<title>Policlinica Gipuzkoak, Errealaren zentro medikoak, eskerrak eman nahi dizkie gaur Errege Kopa Gipuzkoako osasun arloko profesionalei eskaintzeagatik - Policl\u00ednica Gipuzkoa<\/title>\n<meta name=\"robots\" content=\"index, follow, max-snippet:-1, max-image-preview:large, max-video-preview:-1\" \/>\n<link rel=\"canonical\" href=\"https:\/\/www.policlinicagipuzkoa.com\/eu\/berriak\/policlinica-gipuzkoa-centro-medico-de-la-real-sociedad-agradece-que-les-hayan-dedicado-hoy-la-copa-del-rey-a-los-profesionales-sanitarios-de-gipuzkoa\/\" \/>\n<meta property=\"og:locale\" content=\"en_US\" \/>\n<meta property=\"og:type\" content=\"article\" \/>\n<meta property=\"og:title\" content=\"Policlinica Gipuzkoak, Errealaren zentro medikoak, eskerrak eman nahi dizkie gaur Errege Kopa Gipuzkoako osasun arloko profesionalei eskaintzeagatik - Policl\u00ednica Gipuzkoa\" \/>\n<meta property=\"og:url\" content=\"https:\/\/www.policlinicagipuzkoa.com\/eu\/berriak\/policlinica-gipuzkoa-centro-medico-de-la-real-sociedad-agradece-que-les-hayan-dedicado-hoy-la-copa-del-rey-a-los-profesionales-sanitarios-de-gipuzkoa\/\" \/>\n<meta property=\"og:site_name\" content=\"Policl\u00ednica Gipuzkoa\" \/>\n<meta property=\"article:publisher\" content=\"https:\/\/www.facebook.com\/policlinicagipuzkoa\" \/>\n<meta property=\"article:published_time\" content=\"2021-04-09T11:16:01+00:00\" \/>\n<meta property=\"article:modified_time\" content=\"2022-07-15T10:30:35+00:00\" \/>\n<meta property=\"og:image\" content=\"https:\/\/www.policlinicagipuzkoa.com\/wp-content\/uploads\/2021\/04\/La-Real-Sociedad-dedica-la-Copa-del-Rey-a-los-sanitarios-1-scaled.jpg\" \/>\n\t<meta property=\"og:image:width\" content=\"2560\" \/>\n\t<meta property=\"og:image:height\" content=\"1564\" \/>\n\t<meta property=\"og:image:type\" content=\"image\/jpeg\" \/>\n<meta name=\"author\" content=\"Policl\u00ednica Gipuzkoa\" \/>\n<meta name=\"twitter:card\" content=\"summary_large_image\" \/>\n<meta name=\"twitter:creator\" content=\"@PolicliGipuzkoa\" \/>\n<meta name=\"twitter:site\" content=\"@PolicliGipuzkoa\" \/>\n<meta name=\"twitter:label1\" content=\"Written by\" \/>\n\t<meta name=\"twitter:data1\" content=\"Policl\u00ednica Gipuzkoa\" \/>\n\t<meta name=\"twitter:label2\" content=\"Est. reading time\" \/>\n\t<meta name=\"twitter:data2\" content=\"1 minutua\" \/>\n<script type=\"application\/ld+json\" class=\"yoast-schema-graph\">{\"@context\":\"https:\/\/schema.org\",\"@graph\":[{\"@type\":\"Article\",\"@id\":\"https:\/\/www.policlinicagipuzkoa.com\/eu\/berriak\/policlinica-gipuzkoa-centro-medico-de-la-real-sociedad-agradece-que-les-hayan-dedicado-hoy-la-copa-del-rey-a-los-profesionales-sanitarios-de-gipuzkoa\/#article\",\"isPartOf\":{\"@id\":\"https:\/\/www.policlinicagipuzkoa.com\/eu\/berriak\/policlinica-gipuzkoa-centro-medico-de-la-real-sociedad-agradece-que-les-hayan-dedicado-hoy-la-copa-del-rey-a-los-profesionales-sanitarios-de-gipuzkoa\/\"},\"author\":{\"name\":\"Policl\u00ednica Gipuzkoa\",\"@id\":\"https:\/\/www.policlinicagipuzkoa.com\/eu\/#\/schema\/person\/5963e1198f477f460d3c16a92318f832\"},\"headline\":\"Policlinica Gipuzkoak, Errealaren zentro medikoak, eskerrak eman nahi dizkie gaur Errege Kopa Gipuzkoako osasun arloko profesionalei eskaintzeagatik\",\"datePublished\":\"2021-04-09T11:16:01+00:00\",\"dateModified\":\"2022-07-15T10:30:35+00:00\",\"mainEntityOfPage\":{\"@id\":\"https:\/\/www.policlinicagipuzkoa.com\/eu\/berriak\/policlinica-gipuzkoa-centro-medico-de-la-real-sociedad-agradece-que-les-hayan-dedicado-hoy-la-copa-del-rey-a-los-profesionales-sanitarios-de-gipuzkoa\/\"},\"wordCount\":277,\"publisher\":{\"@id\":\"https:\/\/www.policlinicagipuzkoa.com\/eu\/#organization\"},\"image\":{\"@id\":\"https:\/\/www.policlinicagipuzkoa.com\/eu\/berriak\/policlinica-gipuzkoa-centro-medico-de-la-real-sociedad-agradece-que-les-hayan-dedicado-hoy-la-copa-del-rey-a-los-profesionales-sanitarios-de-gipuzkoa\/#primaryimage\"},\"thumbnailUrl\":\"https:\/\/www.policlinicagipuzkoa.com\/wp-content\/uploads\/2021\/04\/La-Real-Sociedad-dedica-la-Copa-del-Rey-a-los-sanitarios-1-scaled.jpg\",\"articleSection\":[\"Real Sociedad\"],\"inLanguage\":\"eu\"},{\"@type\":\"WebPage\",\"@id\":\"https:\/\/www.policlinicagipuzkoa.com\/eu\/berriak\/policlinica-gipuzkoa-centro-medico-de-la-real-sociedad-agradece-que-les-hayan-dedicado-hoy-la-copa-del-rey-a-los-profesionales-sanitarios-de-gipuzkoa\/\",\"url\":\"https:\/\/www.policlinicagipuzkoa.com\/eu\/berriak\/policlinica-gipuzkoa-centro-medico-de-la-real-sociedad-agradece-que-les-hayan-dedicado-hoy-la-copa-del-rey-a-los-profesionales-sanitarios-de-gipuzkoa\/\",\"name\":\"Policlinica Gipuzkoak, Errealaren zentro medikoak, eskerrak eman nahi dizkie gaur Errege Kopa Gipuzkoako osasun arloko profesionalei eskaintzeagatik - Policl\u00ednica Gipuzkoa\",\"isPartOf\":{\"@id\":\"https:\/\/www.policlinicagipuzkoa.com\/eu\/#website\"},\"primaryImageOfPage\":{\"@id\":\"https:\/\/www.policlinicagipuzkoa.com\/eu\/berriak\/policlinica-gipuzkoa-centro-medico-de-la-real-sociedad-agradece-que-les-hayan-dedicado-hoy-la-copa-del-rey-a-los-profesionales-sanitarios-de-gipuzkoa\/#primaryimage\"},\"image\":{\"@id\":\"https:\/\/www.policlinicagipuzkoa.com\/eu\/berriak\/policlinica-gipuzkoa-centro-medico-de-la-real-sociedad-agradece-que-les-hayan-dedicado-hoy-la-copa-del-rey-a-los-profesionales-sanitarios-de-gipuzkoa\/#primaryimage\"},\"thumbnailUrl\":\"https:\/\/www.policlinicagipuzkoa.com\/wp-content\/uploads\/2021\/04\/La-Real-Sociedad-dedica-la-Copa-del-Rey-a-los-sanitarios-1-scaled.jpg\",\"datePublished\":\"2021-04-09T11:16:01+00:00\",\"dateModified\":\"2022-07-15T10:30:35+00:00\",\"breadcrumb\":{\"@id\":\"https:\/\/www.policlinicagipuzkoa.com\/eu\/berriak\/policlinica-gipuzkoa-centro-medico-de-la-real-sociedad-agradece-que-les-hayan-dedicado-hoy-la-copa-del-rey-a-los-profesionales-sanitarios-de-gipuzkoa\/#breadcrumb\"},\"inLanguage\":\"eu\",\"potentialAction\":[{\"@type\":\"ReadAction\",\"target\":[\"https:\/\/www.policlinicagipuzkoa.com\/eu\/berriak\/policlinica-gipuzkoa-centro-medico-de-la-real-sociedad-agradece-que-les-hayan-dedicado-hoy-la-copa-del-rey-a-los-profesionales-sanitarios-de-gipuzkoa\/\"]}]},{\"@type\":\"ImageObject\",\"inLanguage\":\"eu\",\"@id\":\"https:\/\/www.policlinicagipuzkoa.com\/eu\/berriak\/policlinica-gipuzkoa-centro-medico-de-la-real-sociedad-agradece-que-les-hayan-dedicado-hoy-la-copa-del-rey-a-los-profesionales-sanitarios-de-gipuzkoa\/#primaryimage\",\"url\":\"https:\/\/www.policlinicagipuzkoa.com\/wp-content\/uploads\/2021\/04\/La-Real-Sociedad-dedica-la-Copa-del-Rey-a-los-sanitarios-1-scaled.jpg\",\"contentUrl\":\"https:\/\/www.policlinicagipuzkoa.com\/wp-content\/uploads\/2021\/04\/La-Real-Sociedad-dedica-la-Copa-del-Rey-a-los-sanitarios-1-scaled.jpg\",\"width\":2560,\"height\":1564},{\"@type\":\"BreadcrumbList\",\"@id\":\"https:\/\/www.policlinicagipuzkoa.com\/eu\/berriak\/policlinica-gipuzkoa-centro-medico-de-la-real-sociedad-agradece-que-les-hayan-dedicado-hoy-la-copa-del-rey-a-los-profesionales-sanitarios-de-gipuzkoa\/#breadcrumb\",\"itemListElement\":[{\"@type\":\"ListItem\",\"position\":1,\"name\":\"Portada\",\"item\":\"https:\/\/www.policlinicagipuzkoa.com\/eu\/\"},{\"@type\":\"ListItem\",\"position\":2,\"name\":\"Policlinica Gipuzkoak, Errealaren zentro medikoak, eskerrak eman nahi dizkie gaur Errege Kopa Gipuzkoako osasun arloko profesionalei eskaintzeagatik\"}]},{\"@type\":\"WebSite\",\"@id\":\"https:\/\/www.policlinicagipuzkoa.com\/eu\/#website\",\"url\":\"https:\/\/www.policlinicagipuzkoa.com\/eu\/\",\"name\":\"Policl\u00ednica Gipuzkoa\",\"description\":\"\",\"publisher\":{\"@id\":\"https:\/\/www.policlinicagipuzkoa.com\/eu\/#organization\"},\"potentialAction\":[{\"@type\":\"SearchAction\",\"target\":{\"@type\":\"EntryPoint\",\"urlTemplate\":\"https:\/\/www.policlinicagipuzkoa.com\/eu\/?s={search_term_string}\"},\"query-input\":{\"@type\":\"PropertyValueSpecification\",\"valueRequired\":true,\"valueName\":\"search_term_string\"}}],\"inLanguage\":\"eu\"},{\"@type\":\"Organization\",\"@id\":\"https:\/\/www.policlinicagipuzkoa.com\/eu\/#organization\",\"name\":\"Policl\u00ednica Gipuzkoa\",\"url\":\"https:\/\/www.policlinicagipuzkoa.com\/eu\/\",\"logo\":{\"@type\":\"ImageObject\",\"inLanguage\":\"eu\",\"@id\":\"https:\/\/www.policlinicagipuzkoa.com\/eu\/#\/schema\/logo\/image\/\",\"url\":\"https:\/\/www.policlinicagipuzkoa.com\/wp-content\/uploads\/2016\/12\/FotoLogoPG.jpg\",\"contentUrl\":\"https:\/\/www.policlinicagipuzkoa.com\/wp-content\/uploads\/2016\/12\/FotoLogoPG.jpg\",\"width\":1600,\"height\":800,\"caption\":\"Policl\u00ednica Gipuzkoa\"},\"image\":{\"@id\":\"https:\/\/www.policlinicagipuzkoa.com\/eu\/#\/schema\/logo\/image\/\"},\"sameAs\":[\"https:\/\/www.facebook.com\/policlinicagipuzkoa\",\"https:\/\/x.com\/PolicliGipuzkoa\",\"https:\/\/instagram.com\/policlinicagipuzkoa\/\",\"https:\/\/es.linkedin.com\/company\/policlinica-gipuzkoa\",\"https:\/\/www.youtube.com\/user\/POLICLINICAGIPUZKOA\"]},{\"@type\":\"Person\",\"@id\":\"https:\/\/www.policlinicagipuzkoa.com\/eu\/#\/schema\/person\/5963e1198f477f460d3c16a92318f832\",\"name\":\"Policl\u00ednica Gipuzkoa\"}]}<\/script>\n<!-- \/ Yoast SEO plugin. -->","yoast_head_json":{"title":"Policlinica Gipuzkoak, Errealaren zentro medikoak, eskerrak eman nahi dizkie gaur Errege Kopa Gipuzkoako osasun arloko profesionalei eskaintzeagatik - Policl\u00ednica Gipuzkoa","robots":{"index":"index","follow":"follow","max-snippet":"max-snippet:-1","max-image-preview":"max-image-preview:large","max-video-preview":"max-video-preview:-1"},"canonical":"https:\/\/www.policlinicagipuzkoa.com\/eu\/berriak\/policlinica-gipuzkoa-centro-medico-de-la-real-sociedad-agradece-que-les-hayan-dedicado-hoy-la-copa-del-rey-a-los-profesionales-sanitarios-de-gipuzkoa\/","og_locale":"en_US","og_type":"article","og_title":"Policlinica Gipuzkoak, Errealaren zentro medikoak, eskerrak eman nahi dizkie gaur Errege Kopa Gipuzkoako osasun arloko profesionalei eskaintzeagatik - Policl\u00ednica Gipuzkoa","og_url":"https:\/\/www.policlinicagipuzkoa.com\/eu\/berriak\/policlinica-gipuzkoa-centro-medico-de-la-real-sociedad-agradece-que-les-hayan-dedicado-hoy-la-copa-del-rey-a-los-profesionales-sanitarios-de-gipuzkoa\/","og_site_name":"Policl\u00ednica Gipuzkoa","article_publisher":"https:\/\/www.facebook.com\/policlinicagipuzkoa","article_published_time":"2021-04-09T11:16:01+00:00","article_modified_time":"2022-07-15T10:30:35+00:00","og_image":[{"width":2560,"height":1564,"url":"https:\/\/www.policlinicagipuzkoa.com\/wp-content\/uploads\/2021\/04\/La-Real-Sociedad-dedica-la-Copa-del-Rey-a-los-sanitarios-1-scaled.jpg","type":"image\/jpeg"}],"author":"Policl\u00ednica Gipuzkoa","twitter_card":"summary_large_image","twitter_creator":"@PolicliGipuzkoa","twitter_site":"@PolicliGipuzkoa","twitter_misc":{"Written by":"Policl\u00ednica Gipuzkoa","Est. reading time":"1 minutua"},"schema":{"@context":"https:\/\/schema.org","@graph":[{"@type":"Article","@id":"https:\/\/www.policlinicagipuzkoa.com\/eu\/berriak\/policlinica-gipuzkoa-centro-medico-de-la-real-sociedad-agradece-que-les-hayan-dedicado-hoy-la-copa-del-rey-a-los-profesionales-sanitarios-de-gipuzkoa\/#article","isPartOf":{"@id":"https:\/\/www.policlinicagipuzkoa.com\/eu\/berriak\/policlinica-gipuzkoa-centro-medico-de-la-real-sociedad-agradece-que-les-hayan-dedicado-hoy-la-copa-del-rey-a-los-profesionales-sanitarios-de-gipuzkoa\/"},"author":{"name":"Policl\u00ednica Gipuzkoa","@id":"https:\/\/www.policlinicagipuzkoa.com\/eu\/#\/schema\/person\/5963e1198f477f460d3c16a92318f832"},"headline":"Policlinica Gipuzkoak, Errealaren zentro medikoak, eskerrak eman nahi dizkie gaur Errege Kopa Gipuzkoako osasun arloko profesionalei eskaintzeagatik","datePublished":"2021-04-09T11:16:01+00:00","dateModified":"2022-07-15T10:30:35+00:00","mainEntityOfPage":{"@id":"https:\/\/www.policlinicagipuzkoa.com\/eu\/berriak\/policlinica-gipuzkoa-centro-medico-de-la-real-sociedad-agradece-que-les-hayan-dedicado-hoy-la-copa-del-rey-a-los-profesionales-sanitarios-de-gipuzkoa\/"},"wordCount":277,"publisher":{"@id":"https:\/\/www.policlinicagipuzkoa.com\/eu\/#organization"},"image":{"@id":"https:\/\/www.policlinicagipuzkoa.com\/eu\/berriak\/policlinica-gipuzkoa-centro-medico-de-la-real-sociedad-agradece-que-les-hayan-dedicado-hoy-la-copa-del-rey-a-los-profesionales-sanitarios-de-gipuzkoa\/#primaryimage"},"thumbnailUrl":"https:\/\/www.policlinicagipuzkoa.com\/wp-content\/uploads\/2021\/04\/La-Real-Sociedad-dedica-la-Copa-del-Rey-a-los-sanitarios-1-scaled.jpg","articleSection":["Real Sociedad"],"inLanguage":"eu"},{"@type":"WebPage","@id":"https:\/\/www.policlinicagipuzkoa.com\/eu\/berriak\/policlinica-gipuzkoa-centro-medico-de-la-real-sociedad-agradece-que-les-hayan-dedicado-hoy-la-copa-del-rey-a-los-profesionales-sanitarios-de-gipuzkoa\/","url":"https:\/\/www.policlinicagipuzkoa.com\/eu\/berriak\/policlinica-gipuzkoa-centro-medico-de-la-real-sociedad-agradece-que-les-hayan-dedicado-hoy-la-copa-del-rey-a-los-profesionales-sanitarios-de-gipuzkoa\/","name":"Policlinica Gipuzkoak, Errealaren zentro medikoak, eskerrak eman nahi dizkie gaur Errege Kopa Gipuzkoako osasun arloko profesionalei eskaintzeagatik - Policl\u00ednica Gipuzkoa","isPartOf":{"@id":"https:\/\/www.policlinicagipuzkoa.com\/eu\/#website"},"primaryImageOfPage":{"@id":"https:\/\/www.policlinicagipuzkoa.com\/eu\/berriak\/policlinica-gipuzkoa-centro-medico-de-la-real-sociedad-agradece-que-les-hayan-dedicado-hoy-la-copa-del-rey-a-los-profesionales-sanitarios-de-gipuzkoa\/#primaryimage"},"image":{"@id":"https:\/\/www.policlinicagipuzkoa.com\/eu\/berriak\/policlinica-gipuzkoa-centro-medico-de-la-real-sociedad-agradece-que-les-hayan-dedicado-hoy-la-copa-del-rey-a-los-profesionales-sanitarios-de-gipuzkoa\/#primaryimage"},"thumbnailUrl":"https:\/\/www.policlinicagipuzkoa.com\/wp-content\/uploads\/2021\/04\/La-Real-Sociedad-dedica-la-Copa-del-Rey-a-los-sanitarios-1-scaled.jpg","datePublished":"2021-04-09T11:16:01+00:00","dateModified":"2022-07-15T10:30:35+00:00","breadcrumb":{"@id":"https:\/\/www.policlinicagipuzkoa.com\/eu\/berriak\/policlinica-gipuzkoa-centro-medico-de-la-real-sociedad-agradece-que-les-hayan-dedicado-hoy-la-copa-del-rey-a-los-profesionales-sanitarios-de-gipuzkoa\/#breadcrumb"},"inLanguage":"eu","potentialAction":[{"@type":"ReadAction","target":["https:\/\/www.policlinicagipuzkoa.com\/eu\/berriak\/policlinica-gipuzkoa-centro-medico-de-la-real-sociedad-agradece-que-les-hayan-dedicado-hoy-la-copa-del-rey-a-los-profesionales-sanitarios-de-gipuzkoa\/"]}]},{"@type":"ImageObject","inLanguage":"eu","@id":"https:\/\/www.policlinicagipuzkoa.com\/eu\/berriak\/policlinica-gipuzkoa-centro-medico-de-la-real-sociedad-agradece-que-les-hayan-dedicado-hoy-la-copa-del-rey-a-los-profesionales-sanitarios-de-gipuzkoa\/#primaryimage","url":"https:\/\/www.policlinicagipuzkoa.com\/wp-content\/uploads\/2021\/04\/La-Real-Sociedad-dedica-la-Copa-del-Rey-a-los-sanitarios-1-scaled.jpg","contentUrl":"https:\/\/www.policlinicagipuzkoa.com\/wp-content\/uploads\/2021\/04\/La-Real-Sociedad-dedica-la-Copa-del-Rey-a-los-sanitarios-1-scaled.jpg","width":2560,"height":1564},{"@type":"BreadcrumbList","@id":"https:\/\/www.policlinicagipuzkoa.com\/eu\/berriak\/policlinica-gipuzkoa-centro-medico-de-la-real-sociedad-agradece-que-les-hayan-dedicado-hoy-la-copa-del-rey-a-los-profesionales-sanitarios-de-gipuzkoa\/#breadcrumb","itemListElement":[{"@type":"ListItem","position":1,"name":"Portada","item":"https:\/\/www.policlinicagipuzkoa.com\/eu\/"},{"@type":"ListItem","position":2,"name":"Policlinica Gipuzkoak, Errealaren zentro medikoak, eskerrak eman nahi dizkie gaur Errege Kopa Gipuzkoako osasun arloko profesionalei eskaintzeagatik"}]},{"@type":"WebSite","@id":"https:\/\/www.policlinicagipuzkoa.com\/eu\/#website","url":"https:\/\/www.policlinicagipuzkoa.com\/eu\/","name":"Policl\u00ednica Gipuzkoa","description":"","publisher":{"@id":"https:\/\/www.policlinicagipuzkoa.com\/eu\/#organization"},"potentialAction":[{"@type":"SearchAction","target":{"@type":"EntryPoint","urlTemplate":"https:\/\/www.policlinicagipuzkoa.com\/eu\/?s={search_term_string}"},"query-input":{"@type":"PropertyValueSpecification","valueRequired":true,"valueName":"search_term_string"}}],"inLanguage":"eu"},{"@type":"Organization","@id":"https:\/\/www.policlinicagipuzkoa.com\/eu\/#organization","name":"Policl\u00ednica Gipuzkoa","url":"https:\/\/www.policlinicagipuzkoa.com\/eu\/","logo":{"@type":"ImageObject","inLanguage":"eu","@id":"https:\/\/www.policlinicagipuzkoa.com\/eu\/#\/schema\/logo\/image\/","url":"https:\/\/www.policlinicagipuzkoa.com\/wp-content\/uploads\/2016\/12\/FotoLogoPG.jpg","contentUrl":"https:\/\/www.policlinicagipuzkoa.com\/wp-content\/uploads\/2016\/12\/FotoLogoPG.jpg","width":1600,"height":800,"caption":"Policl\u00ednica Gipuzkoa"},"image":{"@id":"https:\/\/www.policlinicagipuzkoa.com\/eu\/#\/schema\/logo\/image\/"},"sameAs":["https:\/\/www.facebook.com\/policlinicagipuzkoa","https:\/\/x.com\/PolicliGipuzkoa","https:\/\/instagram.com\/policlinicagipuzkoa\/","https:\/\/es.linkedin.com\/company\/policlinica-gipuzkoa","https:\/\/www.youtube.com\/user\/POLICLINICAGIPUZKOA"]},{"@type":"Person","@id":"https:\/\/www.policlinicagipuzkoa.com\/eu\/#\/schema\/person\/5963e1198f477f460d3c16a92318f832","name":"Policl\u00ednica Gipuzkoa"}]}},"_links":{"self":[{"href":"https:\/\/www.policlinicagipuzkoa.com\/eu\/wp-json\/wp\/v2\/posts\/93233","targetHints":{"allow":["GET"]}}],"collection":[{"href":"https:\/\/www.policlinicagipuzkoa.com\/eu\/wp-json\/wp\/v2\/posts"}],"about":[{"href":"https:\/\/www.policlinicagipuzkoa.com\/eu\/wp-json\/wp\/v2\/types\/post"}],"author":[{"embeddable":true,"href":"https:\/\/www.policlinicagipuzkoa.com\/eu\/wp-json\/wp\/v2\/users\/5"}],"replies":[{"embeddable":true,"href":"https:\/\/www.policlinicagipuzkoa.com\/eu\/wp-json\/wp\/v2\/comments?post=93233"}],"version-history":[{"count":2,"href":"https:\/\/www.policlinicagipuzkoa.com\/eu\/wp-json\/wp\/v2\/posts\/93233\/revisions"}],"predecessor-version":[{"id":103731,"href":"https:\/\/www.policlinicagipuzkoa.com\/eu\/wp-json\/wp\/v2\/posts\/93233\/revisions\/103731"}],"wp:featuredmedia":[{"embeddable":true,"href":"https:\/\/www.policlinicagipuzkoa.com\/eu\/wp-json\/wp\/v2\/media\/93166"}],"wp:attachment":[{"href":"https:\/\/www.policlinicagipuzkoa.com\/eu\/wp-json\/wp\/v2\/media?parent=93233"}],"wp:term":[{"taxonomy":"category","embeddable":true,"href":"https:\/\/www.policlinicagipuzkoa.com\/eu\/wp-json\/wp\/v2\/categories?post=93233"},{"taxonomy":"post_tag","embeddable":true,"href":"https:\/\/www.policlinicagipuzkoa.com\/eu\/wp-json\/wp\/v2\/tags?post=93233"}],"curies":[{"name":"wp","href":"https:\/\/api.w.org\/{rel}","templated":true}]}}