{"id":57716,"date":"2016-02-19T09:30:52","date_gmt":"2016-02-19T08:30:52","guid":{"rendered":"http:\/\/www.policlinicagipuzkoa.com\/eu\/?p=57716"},"modified":"2016-02-18T16:09:12","modified_gmt":"2016-02-18T15:09:12","slug":"susana-gonzalez-psikologoa-akufenoak-dituen-pertsona-batek-bizi-kalitate-ona-izan-dezake-tratamendu-psikologiko-egokia-jasotzen-badu","status":"publish","type":"post","link":"https:\/\/www.policlinicagipuzkoa.com\/eu\/berriak\/susana-gonzalez-psikologoa-akufenoak-dituen-pertsona-batek-bizi-kalitate-ona-izan-dezake-tratamendu-psikologiko-egokia-jasotzen-badu\/","title":{"rendered":"Susana Gonzalez, psikologoa:  \u201cAkufenoak dituen pertsona batek bizi-kalitate ona izan dezake tratamendu psikologiko egokia jasotzen badu\u201d"},"content":{"rendered":"<p>Bihar, larunbata, otsailak 20, Poliklinika Gipuzkoako ekitaldi-aretoan izango da\u00a0 \u201cBurmuineko biokimikaren eragina akufenoaren pertzepzioan\u201d hitzaldia. 17:00etan izango da, mundu guztiari irekia. Espainian, 9 milioi pertsona daude akufenoekin , buruaren barruan entzuten diren txistu edo soinuekin alegia, eta zenbaitetan irtenbide medikorik ez dute. Hala ere, txistu edo soinu horiekin bizi daiteke gaian espezialista den terapeuta psikologiko baten laguntzari esker. Espainiako iparraldean, Susana Gonz\u00e1lez psikologoa da terapia honetako aditu bakarrenetakoa.<!--more-->Topaketa honetan, <a href=\"https:\/\/www.policlinicagipuzkoa.com\/eu\/noticias\/medikuak\/susana-gonzalez-de-la-nava\/\">Susana Gonz\u00e1lez<\/a> psikologoak, akufenoak dituzten pertsonen tratamenduan adituak , patologia horren zergati eta arrazoi nagusiak azalduko ditu, baita gaixotasun honetarako tratamendu psikologikoa zertan den ere.<\/p>\n<p>\u201cAkufenoak belarri batean, bietan edo buru osoan entzuten diren soinu iraunkor edo aldizkakoak dira, horiek sortzen dituen kanpoko soinu-iturririk gabe. <strong>Soinuen izaera eta intentsitatea mota askotakoak izan daitezke: txistuak, haize-soinua, ur-soinua, kilkerrak<\/strong>\u2026\u201dazaldu du Susana Gonz\u00e1lezek, patologia honen tratamendu psikologikoan prestakuntza duen estatuko iparraldeko psikologo bakarrenetako batek.<\/p>\n<figure id=\"attachment_39944\" aria-describedby=\"caption-attachment-39944\" style=\"width: 700px\" class=\"wp-caption alignnone\"><a href=\"http:\/\/www.policlinicagipuzkoa.com\/wp-content\/uploads\/2015\/05\/susana_gonzalez_psicologa_policlinica_gipuzkoa.jpg\"><img loading=\"lazy\" decoding=\"async\" class=\"size-medium wp-image-39944\" src=\"http:\/\/www.policlinicagipuzkoa.com\/wp-content\/uploads\/2015\/05\/susana_gonzalez_psicologa_policlinica_gipuzkoa-700x467.jpg\" alt=\"Susana Gonz\u00e1lez, psic\u00f3loga de Policl\u00ednica Gipuzkoa\" width=\"700\" height=\"467\" srcset=\"https:\/\/www.policlinicagipuzkoa.com\/wp-content\/uploads\/2015\/05\/susana_gonzalez_psicologa_policlinica_gipuzkoa-700x467.jpg 700w, https:\/\/www.policlinicagipuzkoa.com\/wp-content\/uploads\/2015\/05\/susana_gonzalez_psicologa_policlinica_gipuzkoa-1500x1000.jpg 1500w, https:\/\/www.policlinicagipuzkoa.com\/wp-content\/uploads\/2015\/05\/susana_gonzalez_psicologa_policlinica_gipuzkoa-600x400.jpg 600w\" sizes=\"auto, (max-width: 700px) 100vw, 700px\" \/><\/a><figcaption id=\"caption-attachment-39944\" class=\"wp-caption-text\">Susana Gonz\u00e1lez, psic\u00f3loga de Policl\u00ednica Gipuzkoa<\/figcaption><\/figure>\n<p><strong>\u201cAkufeno mota desberdinak daude, <\/strong>zehaztu du Susana Gonz\u00e1lezek. Akufeno \u201cobjektiboa\u201d ez da oso maiz agertzen, gutxi gorabehera kasuen %5ean soilik. Bestalde, akufeno \u201c<strong>subjektiboa\u201d<\/strong> izaten da ohikoena, kanpoko soinu-iturririk egon gabe entzuten den soinua hain zuzen\u201d.<\/p>\n<blockquote><p><strong>Akufenoak dituzten pertsonek nahasmendu psikologikoak sufritu ohi dituzte, hala nola, antsietatea, depresioa eta insomnioa<\/strong>, eta horrek eragiten duen kontzentrazio-galera, arazoak lanean edo bikotearekin, izaera-aldaketak edo suminkortasuna<\/p><\/blockquote>\n<p>Akufenoak ikuspuntu psikologikotik trata daitezke, \u201c<strong>arazo hau sufritzen dutenek normalean uste dute akufenoaren pertzepzioa dela asaldatzen dituena, baina pertzepzio horrek sortzen dituen nahasmendu emotiboak dira haien ondoezaren arrazoia<\/strong>\u201d, azaldu du Susana Gonz\u00e1lezek, eta gehitu du \u201cakufenoetara ohitzeko tratamendu psikologiko batekin trata daitezke, horren helburua izanik akufenoa ez hautematea hor egon arren edo abertsiorik gabe hautematea, bizi-kalitate ona lortu ahal izateko\u201d.<\/p>\n<p>\u201cNire kontsultara iritsi ziren lehenengo kasuek akufenoa aipatu ere ez zuten egiten \u2013esan du psikologoak\u2013, antsietate-arazoak, depresioak edota bikote-arazoak deskribatzen zituzten\u2026 eta terapia aurrera joan ahala, akufenoa agertzen zen bigarren mailako gauza gisa. Irtenbiderik gabeko arazoa zela barneratua zuten, babesgabetasun egoera batean mantentzen zituena, eta kontsultara eraman zituen arazoak sortzen zizkiena. <strong>Arazoa hauteman eta ohitze-tratamendua aplikatu ondoren, emaitzak erabat harrigarriak izaten dira<\/strong>\u201d.<\/p>\n<p><strong>\u201cHemendik aurrera, akufeno-kasuak areagotu egingo dira. <\/strong><strong>Berez, <\/strong><strong>gazteen artean, belarriko kalteak eta entzumen-galera kasuak dagoeneko nabarmen areagotu dira<\/strong> azken urteotan aurikularren erabileragatik, bideojoko zaratatsuengatik, etab.\u201d, adierazi du azkenik Susana Gonz\u00e1lezek.<\/p>\n","protected":false},"excerpt":{"rendered":"<p>Bihar, larunbata, otsailak 20, Poliklinika Gipuzkoako ekitaldi-aretoan izango da  \u201cBurmuineko biokimikaren eragina akufenoaren pertzepzioan\u201d hitzaldia. 17:00etan izango da, mundu guztiari irekia. Espainian, 9 milioi pertsona daude akufenoekin, buruaren barruan entzuten diren txistu edo soinuekin alegia, eta zenbaitetan irtenbide medikorik ez dute. Hala ere, txistu edo soinu horiekin bizi daiteke gaian espezialista den terapeuta psikologiko baten laguntzari esker. Espainiako iparraldean, Susana Gonz\u00e1lez psikologoa da terapia honetako aditu bakarrenetakoa.<\/p>\n","protected":false},"author":5,"featured_media":57379,"comment_status":"closed","ping_status":"closed","sticky":true,"template":"","format":"standard","meta":{"_acf_changed":false,"footnotes":""},"categories":[306],"tags":[4344,4345,4346],"class_list":["post-57716","post","type-post","status-publish","format-standard","has-post-thumbnail","hentry","category-psikologia-eu","tag-akufeno","tag-belarri","tag-entzumen-arazoak"],"acf":[],"yoast_head":"<!-- This site is optimized with the Yoast SEO plugin v27.2 - https:\/\/yoast.com\/product\/yoast-seo-wordpress\/ -->\n<title>Susana Gonzalez, psikologoa: \u201cAkufenoak dituen pertsona batek bizi-kalitate ona izan dezake tratamendu psikologiko egokia jasotzen badu\u201d - Policl\u00ednica Gipuzkoa<\/title>\n<meta name=\"robots\" content=\"index, follow, max-snippet:-1, max-image-preview:large, max-video-preview:-1\" \/>\n<link rel=\"canonical\" href=\"https:\/\/www.policlinicagipuzkoa.com\/eu\/berriak\/susana-gonzalez-psikologoa-akufenoak-dituen-pertsona-batek-bizi-kalitate-ona-izan-dezake-tratamendu-psikologiko-egokia-jasotzen-badu\/\" \/>\n<meta property=\"og:locale\" content=\"en_US\" \/>\n<meta property=\"og:type\" content=\"article\" \/>\n<meta property=\"og:title\" content=\"Susana Gonzalez, psikologoa: \u201cAkufenoak dituen pertsona batek bizi-kalitate ona izan dezake tratamendu psikologiko egokia jasotzen badu\u201d - Policl\u00ednica Gipuzkoa\" \/>\n<meta property=\"og:description\" content=\"Bihar, larunbata, otsailak 20, Poliklinika Gipuzkoako ekitaldi-aretoan izango da \u201cBurmuineko biokimikaren eragina akufenoaren pertzepzioan\u201d hitzaldia. 17:00etan izango da, mundu guztiari irekia. Espainian, 9 milioi pertsona daude akufenoekin, buruaren barruan entzuten diren txistu edo soinuekin alegia, eta zenbaitetan irtenbide medikorik ez dute. Hala ere, txistu edo soinu horiekin bizi daiteke gaian espezialista den terapeuta psikologiko baten laguntzari esker. Espainiako iparraldean, Susana Gonz\u00e1lez psikologoa da terapia honetako aditu bakarrenetakoa.\" \/>\n<meta property=\"og:url\" content=\"https:\/\/www.policlinicagipuzkoa.com\/eu\/berriak\/susana-gonzalez-psikologoa-akufenoak-dituen-pertsona-batek-bizi-kalitate-ona-izan-dezake-tratamendu-psikologiko-egokia-jasotzen-badu\/\" \/>\n<meta property=\"og:site_name\" content=\"Policl\u00ednica Gipuzkoa\" \/>\n<meta property=\"article:publisher\" content=\"https:\/\/www.facebook.com\/policlinicagipuzkoa\" \/>\n<meta property=\"article:published_time\" content=\"2016-02-19T08:30:52+00:00\" \/>\n<meta property=\"og:image\" content=\"https:\/\/www.policlinicagipuzkoa.com\/wp-content\/uploads\/2015\/03\/bigstock-tinnitus-9413294.jpg\" \/>\n\t<meta property=\"og:image:width\" content=\"1200\" \/>\n\t<meta property=\"og:image:height\" content=\"800\" \/>\n\t<meta property=\"og:image:type\" content=\"image\/jpeg\" \/>\n<meta name=\"author\" content=\"Policl\u00ednica Gipuzkoa\" \/>\n<meta name=\"twitter:card\" content=\"summary_large_image\" \/>\n<meta name=\"twitter:creator\" content=\"@PolicliGipuzkoa\" \/>\n<meta name=\"twitter:site\" content=\"@PolicliGipuzkoa\" \/>\n<meta name=\"twitter:label1\" content=\"Written by\" \/>\n\t<meta name=\"twitter:data1\" content=\"Policl\u00ednica Gipuzkoa\" \/>\n\t<meta name=\"twitter:label2\" content=\"Est. reading time\" \/>\n\t<meta name=\"twitter:data2\" content=\"2 minutua\" \/>\n<script type=\"application\/ld+json\" class=\"yoast-schema-graph\">{\"@context\":\"https:\/\/schema.org\",\"@graph\":[{\"@type\":\"Article\",\"@id\":\"https:\/\/www.policlinicagipuzkoa.com\/eu\/berriak\/susana-gonzalez-psikologoa-akufenoak-dituen-pertsona-batek-bizi-kalitate-ona-izan-dezake-tratamendu-psikologiko-egokia-jasotzen-badu\/#article\",\"isPartOf\":{\"@id\":\"https:\/\/www.policlinicagipuzkoa.com\/eu\/berriak\/susana-gonzalez-psikologoa-akufenoak-dituen-pertsona-batek-bizi-kalitate-ona-izan-dezake-tratamendu-psikologiko-egokia-jasotzen-badu\/\"},\"author\":{\"name\":\"Policl\u00ednica Gipuzkoa\",\"@id\":\"https:\/\/www.policlinicagipuzkoa.com\/eu\/#\/schema\/person\/5963e1198f477f460d3c16a92318f832\"},\"headline\":\"Susana Gonzalez, psikologoa: \u201cAkufenoak dituen pertsona batek bizi-kalitate ona izan dezake tratamendu psikologiko egokia jasotzen badu\u201d\",\"datePublished\":\"2016-02-19T08:30:52+00:00\",\"mainEntityOfPage\":{\"@id\":\"https:\/\/www.policlinicagipuzkoa.com\/eu\/berriak\/susana-gonzalez-psikologoa-akufenoak-dituen-pertsona-batek-bizi-kalitate-ona-izan-dezake-tratamendu-psikologiko-egokia-jasotzen-badu\/\"},\"wordCount\":389,\"publisher\":{\"@id\":\"https:\/\/www.policlinicagipuzkoa.com\/eu\/#organization\"},\"image\":{\"@id\":\"https:\/\/www.policlinicagipuzkoa.com\/eu\/berriak\/susana-gonzalez-psikologoa-akufenoak-dituen-pertsona-batek-bizi-kalitate-ona-izan-dezake-tratamendu-psikologiko-egokia-jasotzen-badu\/#primaryimage\"},\"thumbnailUrl\":\"https:\/\/www.policlinicagipuzkoa.com\/wp-content\/uploads\/2015\/03\/bigstock-tinnitus-9413294.jpg\",\"keywords\":[\"Akufeno\",\"belarri\",\"entzumen arazoak\"],\"articleSection\":[\"Psikologia\"],\"inLanguage\":\"eu\"},{\"@type\":\"WebPage\",\"@id\":\"https:\/\/www.policlinicagipuzkoa.com\/eu\/berriak\/susana-gonzalez-psikologoa-akufenoak-dituen-pertsona-batek-bizi-kalitate-ona-izan-dezake-tratamendu-psikologiko-egokia-jasotzen-badu\/\",\"url\":\"https:\/\/www.policlinicagipuzkoa.com\/eu\/berriak\/susana-gonzalez-psikologoa-akufenoak-dituen-pertsona-batek-bizi-kalitate-ona-izan-dezake-tratamendu-psikologiko-egokia-jasotzen-badu\/\",\"name\":\"Susana Gonzalez, psikologoa: \u201cAkufenoak dituen pertsona batek bizi-kalitate ona izan dezake tratamendu psikologiko egokia jasotzen badu\u201d - Policl\u00ednica Gipuzkoa\",\"isPartOf\":{\"@id\":\"https:\/\/www.policlinicagipuzkoa.com\/eu\/#website\"},\"primaryImageOfPage\":{\"@id\":\"https:\/\/www.policlinicagipuzkoa.com\/eu\/berriak\/susana-gonzalez-psikologoa-akufenoak-dituen-pertsona-batek-bizi-kalitate-ona-izan-dezake-tratamendu-psikologiko-egokia-jasotzen-badu\/#primaryimage\"},\"image\":{\"@id\":\"https:\/\/www.policlinicagipuzkoa.com\/eu\/berriak\/susana-gonzalez-psikologoa-akufenoak-dituen-pertsona-batek-bizi-kalitate-ona-izan-dezake-tratamendu-psikologiko-egokia-jasotzen-badu\/#primaryimage\"},\"thumbnailUrl\":\"https:\/\/www.policlinicagipuzkoa.com\/wp-content\/uploads\/2015\/03\/bigstock-tinnitus-9413294.jpg\",\"datePublished\":\"2016-02-19T08:30:52+00:00\",\"breadcrumb\":{\"@id\":\"https:\/\/www.policlinicagipuzkoa.com\/eu\/berriak\/susana-gonzalez-psikologoa-akufenoak-dituen-pertsona-batek-bizi-kalitate-ona-izan-dezake-tratamendu-psikologiko-egokia-jasotzen-badu\/#breadcrumb\"},\"inLanguage\":\"eu\",\"potentialAction\":[{\"@type\":\"ReadAction\",\"target\":[\"https:\/\/www.policlinicagipuzkoa.com\/eu\/berriak\/susana-gonzalez-psikologoa-akufenoak-dituen-pertsona-batek-bizi-kalitate-ona-izan-dezake-tratamendu-psikologiko-egokia-jasotzen-badu\/\"]}]},{\"@type\":\"ImageObject\",\"inLanguage\":\"eu\",\"@id\":\"https:\/\/www.policlinicagipuzkoa.com\/eu\/berriak\/susana-gonzalez-psikologoa-akufenoak-dituen-pertsona-batek-bizi-kalitate-ona-izan-dezake-tratamendu-psikologiko-egokia-jasotzen-badu\/#primaryimage\",\"url\":\"https:\/\/www.policlinicagipuzkoa.com\/wp-content\/uploads\/2015\/03\/bigstock-tinnitus-9413294.jpg\",\"contentUrl\":\"https:\/\/www.policlinicagipuzkoa.com\/wp-content\/uploads\/2015\/03\/bigstock-tinnitus-9413294.jpg\",\"width\":1200,\"height\":800,\"caption\":\"Junge Frau leidet unter L\u00e4rm. Alles freigestellt vor wei\u00dfem Hintergrund.\"},{\"@type\":\"BreadcrumbList\",\"@id\":\"https:\/\/www.policlinicagipuzkoa.com\/eu\/berriak\/susana-gonzalez-psikologoa-akufenoak-dituen-pertsona-batek-bizi-kalitate-ona-izan-dezake-tratamendu-psikologiko-egokia-jasotzen-badu\/#breadcrumb\",\"itemListElement\":[{\"@type\":\"ListItem\",\"position\":1,\"name\":\"Portada\",\"item\":\"https:\/\/www.policlinicagipuzkoa.com\/eu\/\"},{\"@type\":\"ListItem\",\"position\":2,\"name\":\"Susana Gonzalez, psikologoa: \u201cAkufenoak dituen pertsona batek bizi-kalitate ona izan dezake tratamendu psikologiko egokia jasotzen badu\u201d\"}]},{\"@type\":\"WebSite\",\"@id\":\"https:\/\/www.policlinicagipuzkoa.com\/eu\/#website\",\"url\":\"https:\/\/www.policlinicagipuzkoa.com\/eu\/\",\"name\":\"Policl\u00ednica Gipuzkoa\",\"description\":\"\",\"publisher\":{\"@id\":\"https:\/\/www.policlinicagipuzkoa.com\/eu\/#organization\"},\"potentialAction\":[{\"@type\":\"SearchAction\",\"target\":{\"@type\":\"EntryPoint\",\"urlTemplate\":\"https:\/\/www.policlinicagipuzkoa.com\/eu\/?s={search_term_string}\"},\"query-input\":{\"@type\":\"PropertyValueSpecification\",\"valueRequired\":true,\"valueName\":\"search_term_string\"}}],\"inLanguage\":\"eu\"},{\"@type\":\"Organization\",\"@id\":\"https:\/\/www.policlinicagipuzkoa.com\/eu\/#organization\",\"name\":\"Policl\u00ednica Gipuzkoa\",\"url\":\"https:\/\/www.policlinicagipuzkoa.com\/eu\/\",\"logo\":{\"@type\":\"ImageObject\",\"inLanguage\":\"eu\",\"@id\":\"https:\/\/www.policlinicagipuzkoa.com\/eu\/#\/schema\/logo\/image\/\",\"url\":\"https:\/\/www.policlinicagipuzkoa.com\/wp-content\/uploads\/2016\/12\/FotoLogoPG.jpg\",\"contentUrl\":\"https:\/\/www.policlinicagipuzkoa.com\/wp-content\/uploads\/2016\/12\/FotoLogoPG.jpg\",\"width\":1600,\"height\":800,\"caption\":\"Policl\u00ednica Gipuzkoa\"},\"image\":{\"@id\":\"https:\/\/www.policlinicagipuzkoa.com\/eu\/#\/schema\/logo\/image\/\"},\"sameAs\":[\"https:\/\/www.facebook.com\/policlinicagipuzkoa\",\"https:\/\/x.com\/PolicliGipuzkoa\",\"https:\/\/instagram.com\/policlinicagipuzkoa\/\",\"https:\/\/es.linkedin.com\/company\/policlinica-gipuzkoa\",\"https:\/\/www.youtube.com\/user\/POLICLINICAGIPUZKOA\"]},{\"@type\":\"Person\",\"@id\":\"https:\/\/www.policlinicagipuzkoa.com\/eu\/#\/schema\/person\/5963e1198f477f460d3c16a92318f832\",\"name\":\"Policl\u00ednica Gipuzkoa\"}]}<\/script>\n<!-- \/ Yoast SEO plugin. -->","yoast_head_json":{"title":"Susana Gonzalez, psikologoa: \u201cAkufenoak dituen pertsona batek bizi-kalitate ona izan dezake tratamendu psikologiko egokia jasotzen badu\u201d - Policl\u00ednica Gipuzkoa","robots":{"index":"index","follow":"follow","max-snippet":"max-snippet:-1","max-image-preview":"max-image-preview:large","max-video-preview":"max-video-preview:-1"},"canonical":"https:\/\/www.policlinicagipuzkoa.com\/eu\/berriak\/susana-gonzalez-psikologoa-akufenoak-dituen-pertsona-batek-bizi-kalitate-ona-izan-dezake-tratamendu-psikologiko-egokia-jasotzen-badu\/","og_locale":"en_US","og_type":"article","og_title":"Susana Gonzalez, psikologoa: \u201cAkufenoak dituen pertsona batek bizi-kalitate ona izan dezake tratamendu psikologiko egokia jasotzen badu\u201d - Policl\u00ednica Gipuzkoa","og_description":"Bihar, larunbata, otsailak 20, Poliklinika Gipuzkoako ekitaldi-aretoan izango da \u201cBurmuineko biokimikaren eragina akufenoaren pertzepzioan\u201d hitzaldia. 17:00etan izango da, mundu guztiari irekia. Espainian, 9 milioi pertsona daude akufenoekin, buruaren barruan entzuten diren txistu edo soinuekin alegia, eta zenbaitetan irtenbide medikorik ez dute. Hala ere, txistu edo soinu horiekin bizi daiteke gaian espezialista den terapeuta psikologiko baten laguntzari esker. Espainiako iparraldean, Susana Gonz\u00e1lez psikologoa da terapia honetako aditu bakarrenetakoa.","og_url":"https:\/\/www.policlinicagipuzkoa.com\/eu\/berriak\/susana-gonzalez-psikologoa-akufenoak-dituen-pertsona-batek-bizi-kalitate-ona-izan-dezake-tratamendu-psikologiko-egokia-jasotzen-badu\/","og_site_name":"Policl\u00ednica Gipuzkoa","article_publisher":"https:\/\/www.facebook.com\/policlinicagipuzkoa","article_published_time":"2016-02-19T08:30:52+00:00","og_image":[{"width":1200,"height":800,"url":"https:\/\/www.policlinicagipuzkoa.com\/wp-content\/uploads\/2015\/03\/bigstock-tinnitus-9413294.jpg","type":"image\/jpeg"}],"author":"Policl\u00ednica Gipuzkoa","twitter_card":"summary_large_image","twitter_creator":"@PolicliGipuzkoa","twitter_site":"@PolicliGipuzkoa","twitter_misc":{"Written by":"Policl\u00ednica Gipuzkoa","Est. reading time":"2 minutua"},"schema":{"@context":"https:\/\/schema.org","@graph":[{"@type":"Article","@id":"https:\/\/www.policlinicagipuzkoa.com\/eu\/berriak\/susana-gonzalez-psikologoa-akufenoak-dituen-pertsona-batek-bizi-kalitate-ona-izan-dezake-tratamendu-psikologiko-egokia-jasotzen-badu\/#article","isPartOf":{"@id":"https:\/\/www.policlinicagipuzkoa.com\/eu\/berriak\/susana-gonzalez-psikologoa-akufenoak-dituen-pertsona-batek-bizi-kalitate-ona-izan-dezake-tratamendu-psikologiko-egokia-jasotzen-badu\/"},"author":{"name":"Policl\u00ednica Gipuzkoa","@id":"https:\/\/www.policlinicagipuzkoa.com\/eu\/#\/schema\/person\/5963e1198f477f460d3c16a92318f832"},"headline":"Susana Gonzalez, psikologoa: \u201cAkufenoak dituen pertsona batek bizi-kalitate ona izan dezake tratamendu psikologiko egokia jasotzen badu\u201d","datePublished":"2016-02-19T08:30:52+00:00","mainEntityOfPage":{"@id":"https:\/\/www.policlinicagipuzkoa.com\/eu\/berriak\/susana-gonzalez-psikologoa-akufenoak-dituen-pertsona-batek-bizi-kalitate-ona-izan-dezake-tratamendu-psikologiko-egokia-jasotzen-badu\/"},"wordCount":389,"publisher":{"@id":"https:\/\/www.policlinicagipuzkoa.com\/eu\/#organization"},"image":{"@id":"https:\/\/www.policlinicagipuzkoa.com\/eu\/berriak\/susana-gonzalez-psikologoa-akufenoak-dituen-pertsona-batek-bizi-kalitate-ona-izan-dezake-tratamendu-psikologiko-egokia-jasotzen-badu\/#primaryimage"},"thumbnailUrl":"https:\/\/www.policlinicagipuzkoa.com\/wp-content\/uploads\/2015\/03\/bigstock-tinnitus-9413294.jpg","keywords":["Akufeno","belarri","entzumen arazoak"],"articleSection":["Psikologia"],"inLanguage":"eu"},{"@type":"WebPage","@id":"https:\/\/www.policlinicagipuzkoa.com\/eu\/berriak\/susana-gonzalez-psikologoa-akufenoak-dituen-pertsona-batek-bizi-kalitate-ona-izan-dezake-tratamendu-psikologiko-egokia-jasotzen-badu\/","url":"https:\/\/www.policlinicagipuzkoa.com\/eu\/berriak\/susana-gonzalez-psikologoa-akufenoak-dituen-pertsona-batek-bizi-kalitate-ona-izan-dezake-tratamendu-psikologiko-egokia-jasotzen-badu\/","name":"Susana Gonzalez, psikologoa: \u201cAkufenoak dituen pertsona batek bizi-kalitate ona izan dezake tratamendu psikologiko egokia jasotzen badu\u201d - Policl\u00ednica Gipuzkoa","isPartOf":{"@id":"https:\/\/www.policlinicagipuzkoa.com\/eu\/#website"},"primaryImageOfPage":{"@id":"https:\/\/www.policlinicagipuzkoa.com\/eu\/berriak\/susana-gonzalez-psikologoa-akufenoak-dituen-pertsona-batek-bizi-kalitate-ona-izan-dezake-tratamendu-psikologiko-egokia-jasotzen-badu\/#primaryimage"},"image":{"@id":"https:\/\/www.policlinicagipuzkoa.com\/eu\/berriak\/susana-gonzalez-psikologoa-akufenoak-dituen-pertsona-batek-bizi-kalitate-ona-izan-dezake-tratamendu-psikologiko-egokia-jasotzen-badu\/#primaryimage"},"thumbnailUrl":"https:\/\/www.policlinicagipuzkoa.com\/wp-content\/uploads\/2015\/03\/bigstock-tinnitus-9413294.jpg","datePublished":"2016-02-19T08:30:52+00:00","breadcrumb":{"@id":"https:\/\/www.policlinicagipuzkoa.com\/eu\/berriak\/susana-gonzalez-psikologoa-akufenoak-dituen-pertsona-batek-bizi-kalitate-ona-izan-dezake-tratamendu-psikologiko-egokia-jasotzen-badu\/#breadcrumb"},"inLanguage":"eu","potentialAction":[{"@type":"ReadAction","target":["https:\/\/www.policlinicagipuzkoa.com\/eu\/berriak\/susana-gonzalez-psikologoa-akufenoak-dituen-pertsona-batek-bizi-kalitate-ona-izan-dezake-tratamendu-psikologiko-egokia-jasotzen-badu\/"]}]},{"@type":"ImageObject","inLanguage":"eu","@id":"https:\/\/www.policlinicagipuzkoa.com\/eu\/berriak\/susana-gonzalez-psikologoa-akufenoak-dituen-pertsona-batek-bizi-kalitate-ona-izan-dezake-tratamendu-psikologiko-egokia-jasotzen-badu\/#primaryimage","url":"https:\/\/www.policlinicagipuzkoa.com\/wp-content\/uploads\/2015\/03\/bigstock-tinnitus-9413294.jpg","contentUrl":"https:\/\/www.policlinicagipuzkoa.com\/wp-content\/uploads\/2015\/03\/bigstock-tinnitus-9413294.jpg","width":1200,"height":800,"caption":"Junge Frau leidet unter L\u00e4rm. Alles freigestellt vor wei\u00dfem Hintergrund."},{"@type":"BreadcrumbList","@id":"https:\/\/www.policlinicagipuzkoa.com\/eu\/berriak\/susana-gonzalez-psikologoa-akufenoak-dituen-pertsona-batek-bizi-kalitate-ona-izan-dezake-tratamendu-psikologiko-egokia-jasotzen-badu\/#breadcrumb","itemListElement":[{"@type":"ListItem","position":1,"name":"Portada","item":"https:\/\/www.policlinicagipuzkoa.com\/eu\/"},{"@type":"ListItem","position":2,"name":"Susana Gonzalez, psikologoa: \u201cAkufenoak dituen pertsona batek bizi-kalitate ona izan dezake tratamendu psikologiko egokia jasotzen badu\u201d"}]},{"@type":"WebSite","@id":"https:\/\/www.policlinicagipuzkoa.com\/eu\/#website","url":"https:\/\/www.policlinicagipuzkoa.com\/eu\/","name":"Policl\u00ednica Gipuzkoa","description":"","publisher":{"@id":"https:\/\/www.policlinicagipuzkoa.com\/eu\/#organization"},"potentialAction":[{"@type":"SearchAction","target":{"@type":"EntryPoint","urlTemplate":"https:\/\/www.policlinicagipuzkoa.com\/eu\/?s={search_term_string}"},"query-input":{"@type":"PropertyValueSpecification","valueRequired":true,"valueName":"search_term_string"}}],"inLanguage":"eu"},{"@type":"Organization","@id":"https:\/\/www.policlinicagipuzkoa.com\/eu\/#organization","name":"Policl\u00ednica Gipuzkoa","url":"https:\/\/www.policlinicagipuzkoa.com\/eu\/","logo":{"@type":"ImageObject","inLanguage":"eu","@id":"https:\/\/www.policlinicagipuzkoa.com\/eu\/#\/schema\/logo\/image\/","url":"https:\/\/www.policlinicagipuzkoa.com\/wp-content\/uploads\/2016\/12\/FotoLogoPG.jpg","contentUrl":"https:\/\/www.policlinicagipuzkoa.com\/wp-content\/uploads\/2016\/12\/FotoLogoPG.jpg","width":1600,"height":800,"caption":"Policl\u00ednica Gipuzkoa"},"image":{"@id":"https:\/\/www.policlinicagipuzkoa.com\/eu\/#\/schema\/logo\/image\/"},"sameAs":["https:\/\/www.facebook.com\/policlinicagipuzkoa","https:\/\/x.com\/PolicliGipuzkoa","https:\/\/instagram.com\/policlinicagipuzkoa\/","https:\/\/es.linkedin.com\/company\/policlinica-gipuzkoa","https:\/\/www.youtube.com\/user\/POLICLINICAGIPUZKOA"]},{"@type":"Person","@id":"https:\/\/www.policlinicagipuzkoa.com\/eu\/#\/schema\/person\/5963e1198f477f460d3c16a92318f832","name":"Policl\u00ednica Gipuzkoa"}]}},"_links":{"self":[{"href":"https:\/\/www.policlinicagipuzkoa.com\/eu\/wp-json\/wp\/v2\/posts\/57716","targetHints":{"allow":["GET"]}}],"collection":[{"href":"https:\/\/www.policlinicagipuzkoa.com\/eu\/wp-json\/wp\/v2\/posts"}],"about":[{"href":"https:\/\/www.policlinicagipuzkoa.com\/eu\/wp-json\/wp\/v2\/types\/post"}],"author":[{"embeddable":true,"href":"https:\/\/www.policlinicagipuzkoa.com\/eu\/wp-json\/wp\/v2\/users\/5"}],"replies":[{"embeddable":true,"href":"https:\/\/www.policlinicagipuzkoa.com\/eu\/wp-json\/wp\/v2\/comments?post=57716"}],"version-history":[{"count":2,"href":"https:\/\/www.policlinicagipuzkoa.com\/eu\/wp-json\/wp\/v2\/posts\/57716\/revisions"}],"predecessor-version":[{"id":57718,"href":"https:\/\/www.policlinicagipuzkoa.com\/eu\/wp-json\/wp\/v2\/posts\/57716\/revisions\/57718"}],"wp:featuredmedia":[{"embeddable":true,"href":"https:\/\/www.policlinicagipuzkoa.com\/eu\/wp-json\/wp\/v2\/media\/57379"}],"wp:attachment":[{"href":"https:\/\/www.policlinicagipuzkoa.com\/eu\/wp-json\/wp\/v2\/media?parent=57716"}],"wp:term":[{"taxonomy":"category","embeddable":true,"href":"https:\/\/www.policlinicagipuzkoa.com\/eu\/wp-json\/wp\/v2\/categories?post=57716"},{"taxonomy":"post_tag","embeddable":true,"href":"https:\/\/www.policlinicagipuzkoa.com\/eu\/wp-json\/wp\/v2\/tags?post=57716"}],"curies":[{"name":"wp","href":"https:\/\/api.w.org\/{rel}","templated":true}]}}