{"id":30857,"date":"2010-03-12T00:00:00","date_gmt":"2010-03-11T23:00:00","guid":{"rendered":"http:\/\/www2.policlinicagipuzkoa.com\/martxoak-14-prebentzio-kardiobaskularrerako-europar-eguna\/"},"modified":"2014-09-24T12:01:32","modified_gmt":"2014-09-24T10:01:32","slug":"martxoak-14-prebentzio-kardiobaskularrerako-europar-eguna","status":"publish","type":"post","link":"https:\/\/www.policlinicagipuzkoa.com\/eu\/berriak\/martxoak-14-prebentzio-kardiobaskularrerako-europar-eguna\/","title":{"rendered":"Martxoak 14, Prebentzio Kardiobaskularrerako Europar Eguna"},"content":{"rendered":"<p> &#8220;2010: 2.000 kaloria eta 10.000 pauso zure bihotzaren osasunerako&#8221; gaiburupean, martxoaren 14ean ospatzen den Prebentzio Kardiobaskularrerako Europar Eguna, Policl\u00ednica Gipuzkoak hiritarrei bihotzen gaitzen arrisku faktoreei buruzko informazioa eskeiniz ospatuko du igandean 10.00etatik 14.00tara &#8220;La Perla&#8221; parean kokaturik egongo den karpa batean. <\/p>\n<p>&ldquo;La tercera parte de los infartos los sufren personas consideradas sanas&rdquo;, eso es lo que asegura el cardi&oacute;logo <a href=\"http:\/\/www.policlinicagipuzkoa.com\/medico.php?id=425&amp;palabras_doctor=alegria\" target=\"_blank\">Eduardo Alegr&iacute;a<\/a>, Jefe del Servicio de Cardiolog&iacute;a Integrado de Policl&iacute;nica.<\/p>\n<p>Tradicionalmente, la Cardiolog&iacute;a se ha concentrado en tratar a las personas con enfermedades del coraz&oacute;n, que son un 7% de la poblaci&oacute;n general. En opini&oacute;n de este especialista, &ldquo;es esencial tambi&eacute;n ocuparse de otro grupo mucho m&aacute;s numeroso: el de las que se consideran sanas, pero no llevan un estilo de vida saludable o tienen factores de riesgo ignorados (inconsciente o conscientemente). Aunque parezca incre&iacute;ble, -a&ntilde;ade Eduardo Alegr&iacute;a-, la tercera parte de los infartos los sufre este grupo de la poblaci&oacute;n. Es un hecho que, sin duda, invita a la reflexi&oacute;n&rdquo;.<\/p>\n<p>Policl&iacute;nica Gipuzkoa puso en marcha hace un a&ntilde;o el Servicio de Cardiolog&iacute;a Integrado, que se diferencia precisamente por incorporar un programa de seguimiento del paciente para lograr modificar definitivamente los estilos de vida. Algo que seg&uacute;n el cardi&oacute;logo Eduardo Alegr&iacute;a, &ldquo;resulta crucial para la adecuada recuperaci&oacute;n de estos pacientes&rdquo;.<\/p>\n<p>El cardi&oacute;logo insiste en que los factores de riesgo cardiovascular m&aacute;s importantes son los &ldquo;conductuales&rdquo;, es decir, aquellos relacionados con los h&aacute;bitos de vida que se pueden modificar, como la alimentaci&oacute;n, el ejercicio f&iacute;sico o el tabaquismo. &ldquo;Control&aacute;ndolos, se pueden reducir hasta en un 90% las probabilidades de sufrir graves complicaciones cardiovasculares&rdquo;. &ldquo;Eso s&iacute;, para ello, es fundamental conocer el diagn&oacute;stico de cada persona y realizar un seguimiento adecuado&rdquo;.<\/p>\n<p><img class='size-full' src='\/wp-content\/uploads\/2014\/07\/lemaCARDIO14marzo.jpg'><\/img><img class='size-full' src='\/wp-content\/uploads\/2014\/07\/04_WEB.jpg'><\/img><img class='size-full' src='\/wp-content\/uploads\/2014\/07\/03_WEB.jpg'><\/img><img class='size-full' src='\/wp-content\/uploads\/2014\/07\/06_WEB.jpg'><\/img><\/p>\n","protected":false},"excerpt":{"rendered":"<p> &#8220;2010: 2.000 kaloria eta 10.000 pauso zure bihotzaren osasunerako&#8221; gaiburupean, martxoaren 14ean ospatzen den Prebentzio Kardiobaskularrerako Europar Eguna, Policl\u00ednica Gipuzkoak hiritarrei bihotzen gaitzen arrisku faktoreei buruzko informazioa eskeiniz ospatuko du igandean 10.00etatik 14.00tara &#8220;La Perla&#8221; parean kokaturik egongo den karpa batean.<\/p>\n","protected":false},"author":5,"featured_media":0,"comment_status":"open","ping_status":"closed","sticky":false,"template":"","format":"standard","meta":{"_acf_changed":false,"footnotes":""},"categories":[395,4760],"tags":[1307,1306,3250,3054,2967,3251,1399,3252],"class_list":["post-30857","post","type-post","status-publish","format-standard","hentry","category-kardiologia-eu","category-kirurgia-kardiobaskularra","tag-eduardo-alegria-ezquerra-2","tag-eduardo-alegria-ezquerra","tag-europar-eguna","tag-kardiobaskularra-2","tag-kardiologia-2","tag-martxoak-14","tag-policlinica-gipuzkoa","tag-prenbetzioa"],"acf":[],"yoast_head":"<!-- This site is optimized with the Yoast SEO plugin v27.2 - https:\/\/yoast.com\/product\/yoast-seo-wordpress\/ -->\n<title>Martxoak 14, Prebentzio Kardiobaskularrerako Europar Eguna - Policl\u00ednica Gipuzkoa<\/title>\n<meta name=\"robots\" content=\"index, follow, max-snippet:-1, max-image-preview:large, max-video-preview:-1\" \/>\n<link rel=\"canonical\" href=\"https:\/\/www.policlinicagipuzkoa.com\/eu\/berriak\/martxoak-14-prebentzio-kardiobaskularrerako-europar-eguna\/\" \/>\n<meta property=\"og:locale\" content=\"en_US\" \/>\n<meta property=\"og:type\" content=\"article\" \/>\n<meta property=\"og:title\" content=\"Martxoak 14, Prebentzio Kardiobaskularrerako Europar Eguna - Policl\u00ednica Gipuzkoa\" \/>\n<meta property=\"og:description\" content=\"&quot;2010: 2.000 kaloria eta 10.000 pauso zure bihotzaren osasunerako&quot; gaiburupean, martxoaren 14ean ospatzen den Prebentzio Kardiobaskularrerako Europar Eguna, Policl\u00ednica Gipuzkoak hiritarrei bihotzen gaitzen arrisku faktoreei buruzko informazioa eskeiniz ospatuko du igandean 10.00etatik 14.00tara &quot;La Perla&quot; parean kokaturik egongo den karpa batean.\" \/>\n<meta property=\"og:url\" content=\"https:\/\/www.policlinicagipuzkoa.com\/eu\/berriak\/martxoak-14-prebentzio-kardiobaskularrerako-europar-eguna\/\" \/>\n<meta property=\"og:site_name\" content=\"Policl\u00ednica Gipuzkoa\" \/>\n<meta property=\"article:publisher\" content=\"https:\/\/www.facebook.com\/policlinicagipuzkoa\" \/>\n<meta property=\"article:published_time\" content=\"2010-03-11T23:00:00+00:00\" \/>\n<meta property=\"article:modified_time\" content=\"2014-09-24T10:01:32+00:00\" \/>\n<meta name=\"author\" content=\"Policl\u00ednica Gipuzkoa\" \/>\n<meta name=\"twitter:card\" content=\"summary_large_image\" \/>\n<meta name=\"twitter:creator\" content=\"@PolicliGipuzkoa\" \/>\n<meta name=\"twitter:site\" content=\"@PolicliGipuzkoa\" \/>\n<meta name=\"twitter:label1\" content=\"Written by\" \/>\n\t<meta name=\"twitter:data1\" content=\"Policl\u00ednica Gipuzkoa\" \/>\n\t<meta name=\"twitter:label2\" content=\"Est. reading time\" \/>\n\t<meta name=\"twitter:data2\" content=\"2 minutua\" \/>\n<script type=\"application\/ld+json\" class=\"yoast-schema-graph\">{\"@context\":\"https:\/\/schema.org\",\"@graph\":[{\"@type\":\"Article\",\"@id\":\"https:\/\/www.policlinicagipuzkoa.com\/eu\/berriak\/martxoak-14-prebentzio-kardiobaskularrerako-europar-eguna\/#article\",\"isPartOf\":{\"@id\":\"https:\/\/www.policlinicagipuzkoa.com\/eu\/berriak\/martxoak-14-prebentzio-kardiobaskularrerako-europar-eguna\/\"},\"author\":{\"name\":\"Policl\u00ednica Gipuzkoa\",\"@id\":\"https:\/\/www.policlinicagipuzkoa.com\/eu\/#\/schema\/person\/5963e1198f477f460d3c16a92318f832\"},\"headline\":\"Martxoak 14, Prebentzio Kardiobaskularrerako Europar Eguna\",\"datePublished\":\"2010-03-11T23:00:00+00:00\",\"dateModified\":\"2014-09-24T10:01:32+00:00\",\"mainEntityOfPage\":{\"@id\":\"https:\/\/www.policlinicagipuzkoa.com\/eu\/berriak\/martxoak-14-prebentzio-kardiobaskularrerako-europar-eguna\/\"},\"wordCount\":350,\"commentCount\":0,\"publisher\":{\"@id\":\"https:\/\/www.policlinicagipuzkoa.com\/eu\/#organization\"},\"keywords\":[\"Eduardo Alegr\u00eda Ezquerra\",\"Eduardo Alegr\u00eda Ezquerra\",\"europar eguna\",\"kardiobaskularra\",\"kardiologia\",\"martxoak 14\",\"Policl\u00ednica Gipuzkoa\",\"prenbetzioa\"],\"articleSection\":[\"Kardiologia\",\"Kirurgia kardiobaskularra\"],\"inLanguage\":\"eu\",\"potentialAction\":[{\"@type\":\"CommentAction\",\"name\":\"Comment\",\"target\":[\"https:\/\/www.policlinicagipuzkoa.com\/eu\/berriak\/martxoak-14-prebentzio-kardiobaskularrerako-europar-eguna\/#respond\"]}]},{\"@type\":\"WebPage\",\"@id\":\"https:\/\/www.policlinicagipuzkoa.com\/eu\/berriak\/martxoak-14-prebentzio-kardiobaskularrerako-europar-eguna\/\",\"url\":\"https:\/\/www.policlinicagipuzkoa.com\/eu\/berriak\/martxoak-14-prebentzio-kardiobaskularrerako-europar-eguna\/\",\"name\":\"Martxoak 14, Prebentzio Kardiobaskularrerako Europar Eguna - Policl\u00ednica Gipuzkoa\",\"isPartOf\":{\"@id\":\"https:\/\/www.policlinicagipuzkoa.com\/eu\/#website\"},\"datePublished\":\"2010-03-11T23:00:00+00:00\",\"dateModified\":\"2014-09-24T10:01:32+00:00\",\"breadcrumb\":{\"@id\":\"https:\/\/www.policlinicagipuzkoa.com\/eu\/berriak\/martxoak-14-prebentzio-kardiobaskularrerako-europar-eguna\/#breadcrumb\"},\"inLanguage\":\"eu\",\"potentialAction\":[{\"@type\":\"ReadAction\",\"target\":[\"https:\/\/www.policlinicagipuzkoa.com\/eu\/berriak\/martxoak-14-prebentzio-kardiobaskularrerako-europar-eguna\/\"]}]},{\"@type\":\"BreadcrumbList\",\"@id\":\"https:\/\/www.policlinicagipuzkoa.com\/eu\/berriak\/martxoak-14-prebentzio-kardiobaskularrerako-europar-eguna\/#breadcrumb\",\"itemListElement\":[{\"@type\":\"ListItem\",\"position\":1,\"name\":\"Portada\",\"item\":\"https:\/\/www.policlinicagipuzkoa.com\/eu\/\"},{\"@type\":\"ListItem\",\"position\":2,\"name\":\"Martxoak 14, Prebentzio Kardiobaskularrerako Europar Eguna\"}]},{\"@type\":\"WebSite\",\"@id\":\"https:\/\/www.policlinicagipuzkoa.com\/eu\/#website\",\"url\":\"https:\/\/www.policlinicagipuzkoa.com\/eu\/\",\"name\":\"Policl\u00ednica Gipuzkoa\",\"description\":\"\",\"publisher\":{\"@id\":\"https:\/\/www.policlinicagipuzkoa.com\/eu\/#organization\"},\"potentialAction\":[{\"@type\":\"SearchAction\",\"target\":{\"@type\":\"EntryPoint\",\"urlTemplate\":\"https:\/\/www.policlinicagipuzkoa.com\/eu\/?s={search_term_string}\"},\"query-input\":{\"@type\":\"PropertyValueSpecification\",\"valueRequired\":true,\"valueName\":\"search_term_string\"}}],\"inLanguage\":\"eu\"},{\"@type\":\"Organization\",\"@id\":\"https:\/\/www.policlinicagipuzkoa.com\/eu\/#organization\",\"name\":\"Policl\u00ednica Gipuzkoa\",\"url\":\"https:\/\/www.policlinicagipuzkoa.com\/eu\/\",\"logo\":{\"@type\":\"ImageObject\",\"inLanguage\":\"eu\",\"@id\":\"https:\/\/www.policlinicagipuzkoa.com\/eu\/#\/schema\/logo\/image\/\",\"url\":\"https:\/\/www.policlinicagipuzkoa.com\/wp-content\/uploads\/2016\/12\/FotoLogoPG.jpg\",\"contentUrl\":\"https:\/\/www.policlinicagipuzkoa.com\/wp-content\/uploads\/2016\/12\/FotoLogoPG.jpg\",\"width\":1600,\"height\":800,\"caption\":\"Policl\u00ednica Gipuzkoa\"},\"image\":{\"@id\":\"https:\/\/www.policlinicagipuzkoa.com\/eu\/#\/schema\/logo\/image\/\"},\"sameAs\":[\"https:\/\/www.facebook.com\/policlinicagipuzkoa\",\"https:\/\/x.com\/PolicliGipuzkoa\",\"https:\/\/instagram.com\/policlinicagipuzkoa\/\",\"https:\/\/es.linkedin.com\/company\/policlinica-gipuzkoa\",\"https:\/\/www.youtube.com\/user\/POLICLINICAGIPUZKOA\"]},{\"@type\":\"Person\",\"@id\":\"https:\/\/www.policlinicagipuzkoa.com\/eu\/#\/schema\/person\/5963e1198f477f460d3c16a92318f832\",\"name\":\"Policl\u00ednica Gipuzkoa\"}]}<\/script>\n<!-- \/ Yoast SEO plugin. -->","yoast_head_json":{"title":"Martxoak 14, Prebentzio Kardiobaskularrerako Europar Eguna - Policl\u00ednica Gipuzkoa","robots":{"index":"index","follow":"follow","max-snippet":"max-snippet:-1","max-image-preview":"max-image-preview:large","max-video-preview":"max-video-preview:-1"},"canonical":"https:\/\/www.policlinicagipuzkoa.com\/eu\/berriak\/martxoak-14-prebentzio-kardiobaskularrerako-europar-eguna\/","og_locale":"en_US","og_type":"article","og_title":"Martxoak 14, Prebentzio Kardiobaskularrerako Europar Eguna - Policl\u00ednica Gipuzkoa","og_description":"\"2010: 2.000 kaloria eta 10.000 pauso zure bihotzaren osasunerako\" gaiburupean, martxoaren 14ean ospatzen den Prebentzio Kardiobaskularrerako Europar Eguna, Policl\u00ednica Gipuzkoak hiritarrei bihotzen gaitzen arrisku faktoreei buruzko informazioa eskeiniz ospatuko du igandean 10.00etatik 14.00tara \"La Perla\" parean kokaturik egongo den karpa batean.","og_url":"https:\/\/www.policlinicagipuzkoa.com\/eu\/berriak\/martxoak-14-prebentzio-kardiobaskularrerako-europar-eguna\/","og_site_name":"Policl\u00ednica Gipuzkoa","article_publisher":"https:\/\/www.facebook.com\/policlinicagipuzkoa","article_published_time":"2010-03-11T23:00:00+00:00","article_modified_time":"2014-09-24T10:01:32+00:00","author":"Policl\u00ednica Gipuzkoa","twitter_card":"summary_large_image","twitter_creator":"@PolicliGipuzkoa","twitter_site":"@PolicliGipuzkoa","twitter_misc":{"Written by":"Policl\u00ednica Gipuzkoa","Est. reading time":"2 minutua"},"schema":{"@context":"https:\/\/schema.org","@graph":[{"@type":"Article","@id":"https:\/\/www.policlinicagipuzkoa.com\/eu\/berriak\/martxoak-14-prebentzio-kardiobaskularrerako-europar-eguna\/#article","isPartOf":{"@id":"https:\/\/www.policlinicagipuzkoa.com\/eu\/berriak\/martxoak-14-prebentzio-kardiobaskularrerako-europar-eguna\/"},"author":{"name":"Policl\u00ednica Gipuzkoa","@id":"https:\/\/www.policlinicagipuzkoa.com\/eu\/#\/schema\/person\/5963e1198f477f460d3c16a92318f832"},"headline":"Martxoak 14, Prebentzio Kardiobaskularrerako Europar Eguna","datePublished":"2010-03-11T23:00:00+00:00","dateModified":"2014-09-24T10:01:32+00:00","mainEntityOfPage":{"@id":"https:\/\/www.policlinicagipuzkoa.com\/eu\/berriak\/martxoak-14-prebentzio-kardiobaskularrerako-europar-eguna\/"},"wordCount":350,"commentCount":0,"publisher":{"@id":"https:\/\/www.policlinicagipuzkoa.com\/eu\/#organization"},"keywords":["Eduardo Alegr\u00eda Ezquerra","Eduardo Alegr\u00eda Ezquerra","europar eguna","kardiobaskularra","kardiologia","martxoak 14","Policl\u00ednica Gipuzkoa","prenbetzioa"],"articleSection":["Kardiologia","Kirurgia kardiobaskularra"],"inLanguage":"eu","potentialAction":[{"@type":"CommentAction","name":"Comment","target":["https:\/\/www.policlinicagipuzkoa.com\/eu\/berriak\/martxoak-14-prebentzio-kardiobaskularrerako-europar-eguna\/#respond"]}]},{"@type":"WebPage","@id":"https:\/\/www.policlinicagipuzkoa.com\/eu\/berriak\/martxoak-14-prebentzio-kardiobaskularrerako-europar-eguna\/","url":"https:\/\/www.policlinicagipuzkoa.com\/eu\/berriak\/martxoak-14-prebentzio-kardiobaskularrerako-europar-eguna\/","name":"Martxoak 14, Prebentzio Kardiobaskularrerako Europar Eguna - Policl\u00ednica Gipuzkoa","isPartOf":{"@id":"https:\/\/www.policlinicagipuzkoa.com\/eu\/#website"},"datePublished":"2010-03-11T23:00:00+00:00","dateModified":"2014-09-24T10:01:32+00:00","breadcrumb":{"@id":"https:\/\/www.policlinicagipuzkoa.com\/eu\/berriak\/martxoak-14-prebentzio-kardiobaskularrerako-europar-eguna\/#breadcrumb"},"inLanguage":"eu","potentialAction":[{"@type":"ReadAction","target":["https:\/\/www.policlinicagipuzkoa.com\/eu\/berriak\/martxoak-14-prebentzio-kardiobaskularrerako-europar-eguna\/"]}]},{"@type":"BreadcrumbList","@id":"https:\/\/www.policlinicagipuzkoa.com\/eu\/berriak\/martxoak-14-prebentzio-kardiobaskularrerako-europar-eguna\/#breadcrumb","itemListElement":[{"@type":"ListItem","position":1,"name":"Portada","item":"https:\/\/www.policlinicagipuzkoa.com\/eu\/"},{"@type":"ListItem","position":2,"name":"Martxoak 14, Prebentzio Kardiobaskularrerako Europar Eguna"}]},{"@type":"WebSite","@id":"https:\/\/www.policlinicagipuzkoa.com\/eu\/#website","url":"https:\/\/www.policlinicagipuzkoa.com\/eu\/","name":"Policl\u00ednica Gipuzkoa","description":"","publisher":{"@id":"https:\/\/www.policlinicagipuzkoa.com\/eu\/#organization"},"potentialAction":[{"@type":"SearchAction","target":{"@type":"EntryPoint","urlTemplate":"https:\/\/www.policlinicagipuzkoa.com\/eu\/?s={search_term_string}"},"query-input":{"@type":"PropertyValueSpecification","valueRequired":true,"valueName":"search_term_string"}}],"inLanguage":"eu"},{"@type":"Organization","@id":"https:\/\/www.policlinicagipuzkoa.com\/eu\/#organization","name":"Policl\u00ednica Gipuzkoa","url":"https:\/\/www.policlinicagipuzkoa.com\/eu\/","logo":{"@type":"ImageObject","inLanguage":"eu","@id":"https:\/\/www.policlinicagipuzkoa.com\/eu\/#\/schema\/logo\/image\/","url":"https:\/\/www.policlinicagipuzkoa.com\/wp-content\/uploads\/2016\/12\/FotoLogoPG.jpg","contentUrl":"https:\/\/www.policlinicagipuzkoa.com\/wp-content\/uploads\/2016\/12\/FotoLogoPG.jpg","width":1600,"height":800,"caption":"Policl\u00ednica Gipuzkoa"},"image":{"@id":"https:\/\/www.policlinicagipuzkoa.com\/eu\/#\/schema\/logo\/image\/"},"sameAs":["https:\/\/www.facebook.com\/policlinicagipuzkoa","https:\/\/x.com\/PolicliGipuzkoa","https:\/\/instagram.com\/policlinicagipuzkoa\/","https:\/\/es.linkedin.com\/company\/policlinica-gipuzkoa","https:\/\/www.youtube.com\/user\/POLICLINICAGIPUZKOA"]},{"@type":"Person","@id":"https:\/\/www.policlinicagipuzkoa.com\/eu\/#\/schema\/person\/5963e1198f477f460d3c16a92318f832","name":"Policl\u00ednica Gipuzkoa"}]}},"_links":{"self":[{"href":"https:\/\/www.policlinicagipuzkoa.com\/eu\/wp-json\/wp\/v2\/posts\/30857","targetHints":{"allow":["GET"]}}],"collection":[{"href":"https:\/\/www.policlinicagipuzkoa.com\/eu\/wp-json\/wp\/v2\/posts"}],"about":[{"href":"https:\/\/www.policlinicagipuzkoa.com\/eu\/wp-json\/wp\/v2\/types\/post"}],"author":[{"embeddable":true,"href":"https:\/\/www.policlinicagipuzkoa.com\/eu\/wp-json\/wp\/v2\/users\/5"}],"replies":[{"embeddable":true,"href":"https:\/\/www.policlinicagipuzkoa.com\/eu\/wp-json\/wp\/v2\/comments?post=30857"}],"version-history":[{"count":1,"href":"https:\/\/www.policlinicagipuzkoa.com\/eu\/wp-json\/wp\/v2\/posts\/30857\/revisions"}],"predecessor-version":[{"id":36891,"href":"https:\/\/www.policlinicagipuzkoa.com\/eu\/wp-json\/wp\/v2\/posts\/30857\/revisions\/36891"}],"wp:attachment":[{"href":"https:\/\/www.policlinicagipuzkoa.com\/eu\/wp-json\/wp\/v2\/media?parent=30857"}],"wp:term":[{"taxonomy":"category","embeddable":true,"href":"https:\/\/www.policlinicagipuzkoa.com\/eu\/wp-json\/wp\/v2\/categories?post=30857"},{"taxonomy":"post_tag","embeddable":true,"href":"https:\/\/www.policlinicagipuzkoa.com\/eu\/wp-json\/wp\/v2\/tags?post=30857"}],"curies":[{"name":"wp","href":"https:\/\/api.w.org\/{rel}","templated":true}]}}