{"id":30789,"date":"2011-01-14T00:00:00","date_gmt":"2011-01-13T23:00:00","guid":{"rendered":"http:\/\/www2.policlinicagipuzkoa.com\/lorategi-donostiar-bateko-kultura-izenpean-hitzaldia-eskainiko-du-santiago-cardenas-doktoreak\/"},"modified":"2014-09-24T11:22:14","modified_gmt":"2014-09-24T09:22:14","slug":"lorategi-donostiar-bateko-kultura-izenpean-hitzaldia-eskainiko-du-santiago-cardenas-doktoreak","status":"publish","type":"post","link":"https:\/\/www.policlinicagipuzkoa.com\/eu\/berriak\/lorategi-donostiar-bateko-kultura-izenpean-hitzaldia-eskainiko-du-santiago-cardenas-doktoreak\/","title":{"rendered":"&#8220;Lorategi donostiar bateko kultura&#8221; izenpean hitzaldia eskainiko du Santiago C\u00e1rdenas doktoreak"},"content":{"rendered":"<p>Datorren urtarrilaren 18an izango da, Policl\u00ednica Gipuzkoako areto nagusian, arratsaldeko 19.30tan. <\/p>\n<p>Se trata de una exposici&oacute;n en la que repasar&aacute; la llamativa variedad  de plantas, arbustos y &aacute;rboles que cuenta el Dr. C&aacute;rdenas en su jard&iacute;n,  cuidado por &eacute;l mismo a lo largo de varias d&eacute;cadas. Un ejemplo de la  riqueza de la flora existente en multitud de rincones del mundo que  comparten un mismo espacio en este acogedor jard&iacute;n de Miraconcha.<\/p>\n<p>El Dr. C&aacute;rdenas imparti&oacute; esta misma conferencia el pasado noviembre en  el marco de las Aulas Senior organizadas por el Colegio de M&eacute;dicos de  Gipuzkoa, donde celebran encuentros mensuales basados en el  enriquecimiento cultural y humano.<\/p>\n<p><img class='size-full' src='\/wp-content\/uploads\/2014\/07\/jardin_cardenas.jpg'><\/img><\/p>\n","protected":false},"excerpt":{"rendered":"<p>Datorren urtarrilaren 18an izango da, Policl\u00ednica Gipuzkoako areto nagusian, arratsaldeko 19.30tan.<\/p>\n","protected":false},"author":5,"featured_media":0,"comment_status":"open","ping_status":"closed","sticky":false,"template":"","format":"standard","meta":{"_acf_changed":false,"footnotes":""},"categories":[376],"tags":[3189,3207,1399,1078,1449],"class_list":["post-30789","post","type-post","status-publish","format-standard","hentry","category-traumatologia-eu","tag-hitzaldia-2","tag-lorategi-donostiar-bateko-kultura","tag-policlinica-gipuzkoa","tag-santiago-cardenas-diaz-espada","tag-traumatologia"],"acf":[],"yoast_head":"<!-- This site is optimized with the Yoast SEO plugin v27.2 - https:\/\/yoast.com\/product\/yoast-seo-wordpress\/ -->\n<title>&quot;Lorategi donostiar bateko kultura&quot; izenpean hitzaldia eskainiko du Santiago C\u00e1rdenas doktoreak - Policl\u00ednica Gipuzkoa<\/title>\n<meta name=\"robots\" content=\"index, follow, max-snippet:-1, max-image-preview:large, max-video-preview:-1\" \/>\n<link rel=\"canonical\" href=\"https:\/\/www.policlinicagipuzkoa.com\/eu\/berriak\/lorategi-donostiar-bateko-kultura-izenpean-hitzaldia-eskainiko-du-santiago-cardenas-doktoreak\/\" \/>\n<meta property=\"og:locale\" content=\"en_US\" \/>\n<meta property=\"og:type\" content=\"article\" \/>\n<meta property=\"og:title\" content=\"&quot;Lorategi donostiar bateko kultura&quot; izenpean hitzaldia eskainiko du Santiago C\u00e1rdenas doktoreak - Policl\u00ednica Gipuzkoa\" \/>\n<meta property=\"og:description\" content=\"Datorren urtarrilaren 18an izango da, Policl\u00ednica Gipuzkoako areto nagusian, arratsaldeko 19.30tan.\" \/>\n<meta property=\"og:url\" content=\"https:\/\/www.policlinicagipuzkoa.com\/eu\/berriak\/lorategi-donostiar-bateko-kultura-izenpean-hitzaldia-eskainiko-du-santiago-cardenas-doktoreak\/\" \/>\n<meta property=\"og:site_name\" content=\"Policl\u00ednica Gipuzkoa\" \/>\n<meta property=\"article:publisher\" content=\"https:\/\/www.facebook.com\/policlinicagipuzkoa\" \/>\n<meta property=\"article:published_time\" content=\"2011-01-13T23:00:00+00:00\" \/>\n<meta property=\"article:modified_time\" content=\"2014-09-24T09:22:14+00:00\" \/>\n<meta name=\"author\" content=\"Policl\u00ednica Gipuzkoa\" \/>\n<meta name=\"twitter:card\" content=\"summary_large_image\" \/>\n<meta name=\"twitter:creator\" content=\"@PolicliGipuzkoa\" \/>\n<meta name=\"twitter:site\" content=\"@PolicliGipuzkoa\" \/>\n<meta name=\"twitter:label1\" content=\"Written by\" \/>\n\t<meta name=\"twitter:data1\" content=\"Policl\u00ednica Gipuzkoa\" \/>\n\t<meta name=\"twitter:label2\" content=\"Est. reading time\" \/>\n\t<meta name=\"twitter:data2\" content=\"1 minutua\" \/>\n<script type=\"application\/ld+json\" class=\"yoast-schema-graph\">{\"@context\":\"https:\/\/schema.org\",\"@graph\":[{\"@type\":\"Article\",\"@id\":\"https:\/\/www.policlinicagipuzkoa.com\/eu\/berriak\/lorategi-donostiar-bateko-kultura-izenpean-hitzaldia-eskainiko-du-santiago-cardenas-doktoreak\/#article\",\"isPartOf\":{\"@id\":\"https:\/\/www.policlinicagipuzkoa.com\/eu\/berriak\/lorategi-donostiar-bateko-kultura-izenpean-hitzaldia-eskainiko-du-santiago-cardenas-doktoreak\/\"},\"author\":{\"name\":\"Policl\u00ednica Gipuzkoa\",\"@id\":\"https:\/\/www.policlinicagipuzkoa.com\/eu\/#\/schema\/person\/5963e1198f477f460d3c16a92318f832\"},\"headline\":\"&#8220;Lorategi donostiar bateko kultura&#8221; izenpean hitzaldia eskainiko du Santiago C\u00e1rdenas doktoreak\",\"datePublished\":\"2011-01-13T23:00:00+00:00\",\"dateModified\":\"2014-09-24T09:22:14+00:00\",\"mainEntityOfPage\":{\"@id\":\"https:\/\/www.policlinicagipuzkoa.com\/eu\/berriak\/lorategi-donostiar-bateko-kultura-izenpean-hitzaldia-eskainiko-du-santiago-cardenas-doktoreak\/\"},\"wordCount\":139,\"commentCount\":0,\"publisher\":{\"@id\":\"https:\/\/www.policlinicagipuzkoa.com\/eu\/#organization\"},\"keywords\":[\"hitzaldia\",\"lorategi donostiar bateko kultura\",\"Policl\u00ednica Gipuzkoa\",\"Santiago C\u00e1rdenas D\u00edaz - Espada\",\"traumatolog\u00eda\"],\"articleSection\":[\"Traumatologia\"],\"inLanguage\":\"eu\",\"potentialAction\":[{\"@type\":\"CommentAction\",\"name\":\"Comment\",\"target\":[\"https:\/\/www.policlinicagipuzkoa.com\/eu\/berriak\/lorategi-donostiar-bateko-kultura-izenpean-hitzaldia-eskainiko-du-santiago-cardenas-doktoreak\/#respond\"]}]},{\"@type\":\"WebPage\",\"@id\":\"https:\/\/www.policlinicagipuzkoa.com\/eu\/berriak\/lorategi-donostiar-bateko-kultura-izenpean-hitzaldia-eskainiko-du-santiago-cardenas-doktoreak\/\",\"url\":\"https:\/\/www.policlinicagipuzkoa.com\/eu\/berriak\/lorategi-donostiar-bateko-kultura-izenpean-hitzaldia-eskainiko-du-santiago-cardenas-doktoreak\/\",\"name\":\"\\\"Lorategi donostiar bateko kultura\\\" izenpean hitzaldia eskainiko du Santiago C\u00e1rdenas doktoreak - Policl\u00ednica Gipuzkoa\",\"isPartOf\":{\"@id\":\"https:\/\/www.policlinicagipuzkoa.com\/eu\/#website\"},\"datePublished\":\"2011-01-13T23:00:00+00:00\",\"dateModified\":\"2014-09-24T09:22:14+00:00\",\"breadcrumb\":{\"@id\":\"https:\/\/www.policlinicagipuzkoa.com\/eu\/berriak\/lorategi-donostiar-bateko-kultura-izenpean-hitzaldia-eskainiko-du-santiago-cardenas-doktoreak\/#breadcrumb\"},\"inLanguage\":\"eu\",\"potentialAction\":[{\"@type\":\"ReadAction\",\"target\":[\"https:\/\/www.policlinicagipuzkoa.com\/eu\/berriak\/lorategi-donostiar-bateko-kultura-izenpean-hitzaldia-eskainiko-du-santiago-cardenas-doktoreak\/\"]}]},{\"@type\":\"BreadcrumbList\",\"@id\":\"https:\/\/www.policlinicagipuzkoa.com\/eu\/berriak\/lorategi-donostiar-bateko-kultura-izenpean-hitzaldia-eskainiko-du-santiago-cardenas-doktoreak\/#breadcrumb\",\"itemListElement\":[{\"@type\":\"ListItem\",\"position\":1,\"name\":\"Portada\",\"item\":\"https:\/\/www.policlinicagipuzkoa.com\/eu\/\"},{\"@type\":\"ListItem\",\"position\":2,\"name\":\"&#8220;Lorategi donostiar bateko kultura&#8221; izenpean hitzaldia eskainiko du Santiago C\u00e1rdenas doktoreak\"}]},{\"@type\":\"WebSite\",\"@id\":\"https:\/\/www.policlinicagipuzkoa.com\/eu\/#website\",\"url\":\"https:\/\/www.policlinicagipuzkoa.com\/eu\/\",\"name\":\"Policl\u00ednica Gipuzkoa\",\"description\":\"\",\"publisher\":{\"@id\":\"https:\/\/www.policlinicagipuzkoa.com\/eu\/#organization\"},\"potentialAction\":[{\"@type\":\"SearchAction\",\"target\":{\"@type\":\"EntryPoint\",\"urlTemplate\":\"https:\/\/www.policlinicagipuzkoa.com\/eu\/?s={search_term_string}\"},\"query-input\":{\"@type\":\"PropertyValueSpecification\",\"valueRequired\":true,\"valueName\":\"search_term_string\"}}],\"inLanguage\":\"eu\"},{\"@type\":\"Organization\",\"@id\":\"https:\/\/www.policlinicagipuzkoa.com\/eu\/#organization\",\"name\":\"Policl\u00ednica Gipuzkoa\",\"url\":\"https:\/\/www.policlinicagipuzkoa.com\/eu\/\",\"logo\":{\"@type\":\"ImageObject\",\"inLanguage\":\"eu\",\"@id\":\"https:\/\/www.policlinicagipuzkoa.com\/eu\/#\/schema\/logo\/image\/\",\"url\":\"https:\/\/www.policlinicagipuzkoa.com\/wp-content\/uploads\/2016\/12\/FotoLogoPG.jpg\",\"contentUrl\":\"https:\/\/www.policlinicagipuzkoa.com\/wp-content\/uploads\/2016\/12\/FotoLogoPG.jpg\",\"width\":1600,\"height\":800,\"caption\":\"Policl\u00ednica Gipuzkoa\"},\"image\":{\"@id\":\"https:\/\/www.policlinicagipuzkoa.com\/eu\/#\/schema\/logo\/image\/\"},\"sameAs\":[\"https:\/\/www.facebook.com\/policlinicagipuzkoa\",\"https:\/\/x.com\/PolicliGipuzkoa\",\"https:\/\/instagram.com\/policlinicagipuzkoa\/\",\"https:\/\/es.linkedin.com\/company\/policlinica-gipuzkoa\",\"https:\/\/www.youtube.com\/user\/POLICLINICAGIPUZKOA\"]},{\"@type\":\"Person\",\"@id\":\"https:\/\/www.policlinicagipuzkoa.com\/eu\/#\/schema\/person\/5963e1198f477f460d3c16a92318f832\",\"name\":\"Policl\u00ednica Gipuzkoa\"}]}<\/script>\n<!-- \/ Yoast SEO plugin. -->","yoast_head_json":{"title":"\"Lorategi donostiar bateko kultura\" izenpean hitzaldia eskainiko du Santiago C\u00e1rdenas doktoreak - Policl\u00ednica Gipuzkoa","robots":{"index":"index","follow":"follow","max-snippet":"max-snippet:-1","max-image-preview":"max-image-preview:large","max-video-preview":"max-video-preview:-1"},"canonical":"https:\/\/www.policlinicagipuzkoa.com\/eu\/berriak\/lorategi-donostiar-bateko-kultura-izenpean-hitzaldia-eskainiko-du-santiago-cardenas-doktoreak\/","og_locale":"en_US","og_type":"article","og_title":"\"Lorategi donostiar bateko kultura\" izenpean hitzaldia eskainiko du Santiago C\u00e1rdenas doktoreak - Policl\u00ednica Gipuzkoa","og_description":"Datorren urtarrilaren 18an izango da, Policl\u00ednica Gipuzkoako areto nagusian, arratsaldeko 19.30tan.","og_url":"https:\/\/www.policlinicagipuzkoa.com\/eu\/berriak\/lorategi-donostiar-bateko-kultura-izenpean-hitzaldia-eskainiko-du-santiago-cardenas-doktoreak\/","og_site_name":"Policl\u00ednica Gipuzkoa","article_publisher":"https:\/\/www.facebook.com\/policlinicagipuzkoa","article_published_time":"2011-01-13T23:00:00+00:00","article_modified_time":"2014-09-24T09:22:14+00:00","author":"Policl\u00ednica Gipuzkoa","twitter_card":"summary_large_image","twitter_creator":"@PolicliGipuzkoa","twitter_site":"@PolicliGipuzkoa","twitter_misc":{"Written by":"Policl\u00ednica Gipuzkoa","Est. reading time":"1 minutua"},"schema":{"@context":"https:\/\/schema.org","@graph":[{"@type":"Article","@id":"https:\/\/www.policlinicagipuzkoa.com\/eu\/berriak\/lorategi-donostiar-bateko-kultura-izenpean-hitzaldia-eskainiko-du-santiago-cardenas-doktoreak\/#article","isPartOf":{"@id":"https:\/\/www.policlinicagipuzkoa.com\/eu\/berriak\/lorategi-donostiar-bateko-kultura-izenpean-hitzaldia-eskainiko-du-santiago-cardenas-doktoreak\/"},"author":{"name":"Policl\u00ednica Gipuzkoa","@id":"https:\/\/www.policlinicagipuzkoa.com\/eu\/#\/schema\/person\/5963e1198f477f460d3c16a92318f832"},"headline":"&#8220;Lorategi donostiar bateko kultura&#8221; izenpean hitzaldia eskainiko du Santiago C\u00e1rdenas doktoreak","datePublished":"2011-01-13T23:00:00+00:00","dateModified":"2014-09-24T09:22:14+00:00","mainEntityOfPage":{"@id":"https:\/\/www.policlinicagipuzkoa.com\/eu\/berriak\/lorategi-donostiar-bateko-kultura-izenpean-hitzaldia-eskainiko-du-santiago-cardenas-doktoreak\/"},"wordCount":139,"commentCount":0,"publisher":{"@id":"https:\/\/www.policlinicagipuzkoa.com\/eu\/#organization"},"keywords":["hitzaldia","lorategi donostiar bateko kultura","Policl\u00ednica Gipuzkoa","Santiago C\u00e1rdenas D\u00edaz - Espada","traumatolog\u00eda"],"articleSection":["Traumatologia"],"inLanguage":"eu","potentialAction":[{"@type":"CommentAction","name":"Comment","target":["https:\/\/www.policlinicagipuzkoa.com\/eu\/berriak\/lorategi-donostiar-bateko-kultura-izenpean-hitzaldia-eskainiko-du-santiago-cardenas-doktoreak\/#respond"]}]},{"@type":"WebPage","@id":"https:\/\/www.policlinicagipuzkoa.com\/eu\/berriak\/lorategi-donostiar-bateko-kultura-izenpean-hitzaldia-eskainiko-du-santiago-cardenas-doktoreak\/","url":"https:\/\/www.policlinicagipuzkoa.com\/eu\/berriak\/lorategi-donostiar-bateko-kultura-izenpean-hitzaldia-eskainiko-du-santiago-cardenas-doktoreak\/","name":"\"Lorategi donostiar bateko kultura\" izenpean hitzaldia eskainiko du Santiago C\u00e1rdenas doktoreak - Policl\u00ednica Gipuzkoa","isPartOf":{"@id":"https:\/\/www.policlinicagipuzkoa.com\/eu\/#website"},"datePublished":"2011-01-13T23:00:00+00:00","dateModified":"2014-09-24T09:22:14+00:00","breadcrumb":{"@id":"https:\/\/www.policlinicagipuzkoa.com\/eu\/berriak\/lorategi-donostiar-bateko-kultura-izenpean-hitzaldia-eskainiko-du-santiago-cardenas-doktoreak\/#breadcrumb"},"inLanguage":"eu","potentialAction":[{"@type":"ReadAction","target":["https:\/\/www.policlinicagipuzkoa.com\/eu\/berriak\/lorategi-donostiar-bateko-kultura-izenpean-hitzaldia-eskainiko-du-santiago-cardenas-doktoreak\/"]}]},{"@type":"BreadcrumbList","@id":"https:\/\/www.policlinicagipuzkoa.com\/eu\/berriak\/lorategi-donostiar-bateko-kultura-izenpean-hitzaldia-eskainiko-du-santiago-cardenas-doktoreak\/#breadcrumb","itemListElement":[{"@type":"ListItem","position":1,"name":"Portada","item":"https:\/\/www.policlinicagipuzkoa.com\/eu\/"},{"@type":"ListItem","position":2,"name":"&#8220;Lorategi donostiar bateko kultura&#8221; izenpean hitzaldia eskainiko du Santiago C\u00e1rdenas doktoreak"}]},{"@type":"WebSite","@id":"https:\/\/www.policlinicagipuzkoa.com\/eu\/#website","url":"https:\/\/www.policlinicagipuzkoa.com\/eu\/","name":"Policl\u00ednica Gipuzkoa","description":"","publisher":{"@id":"https:\/\/www.policlinicagipuzkoa.com\/eu\/#organization"},"potentialAction":[{"@type":"SearchAction","target":{"@type":"EntryPoint","urlTemplate":"https:\/\/www.policlinicagipuzkoa.com\/eu\/?s={search_term_string}"},"query-input":{"@type":"PropertyValueSpecification","valueRequired":true,"valueName":"search_term_string"}}],"inLanguage":"eu"},{"@type":"Organization","@id":"https:\/\/www.policlinicagipuzkoa.com\/eu\/#organization","name":"Policl\u00ednica Gipuzkoa","url":"https:\/\/www.policlinicagipuzkoa.com\/eu\/","logo":{"@type":"ImageObject","inLanguage":"eu","@id":"https:\/\/www.policlinicagipuzkoa.com\/eu\/#\/schema\/logo\/image\/","url":"https:\/\/www.policlinicagipuzkoa.com\/wp-content\/uploads\/2016\/12\/FotoLogoPG.jpg","contentUrl":"https:\/\/www.policlinicagipuzkoa.com\/wp-content\/uploads\/2016\/12\/FotoLogoPG.jpg","width":1600,"height":800,"caption":"Policl\u00ednica Gipuzkoa"},"image":{"@id":"https:\/\/www.policlinicagipuzkoa.com\/eu\/#\/schema\/logo\/image\/"},"sameAs":["https:\/\/www.facebook.com\/policlinicagipuzkoa","https:\/\/x.com\/PolicliGipuzkoa","https:\/\/instagram.com\/policlinicagipuzkoa\/","https:\/\/es.linkedin.com\/company\/policlinica-gipuzkoa","https:\/\/www.youtube.com\/user\/POLICLINICAGIPUZKOA"]},{"@type":"Person","@id":"https:\/\/www.policlinicagipuzkoa.com\/eu\/#\/schema\/person\/5963e1198f477f460d3c16a92318f832","name":"Policl\u00ednica Gipuzkoa"}]}},"_links":{"self":[{"href":"https:\/\/www.policlinicagipuzkoa.com\/eu\/wp-json\/wp\/v2\/posts\/30789","targetHints":{"allow":["GET"]}}],"collection":[{"href":"https:\/\/www.policlinicagipuzkoa.com\/eu\/wp-json\/wp\/v2\/posts"}],"about":[{"href":"https:\/\/www.policlinicagipuzkoa.com\/eu\/wp-json\/wp\/v2\/types\/post"}],"author":[{"embeddable":true,"href":"https:\/\/www.policlinicagipuzkoa.com\/eu\/wp-json\/wp\/v2\/users\/5"}],"replies":[{"embeddable":true,"href":"https:\/\/www.policlinicagipuzkoa.com\/eu\/wp-json\/wp\/v2\/comments?post=30789"}],"version-history":[{"count":1,"href":"https:\/\/www.policlinicagipuzkoa.com\/eu\/wp-json\/wp\/v2\/posts\/30789\/revisions"}],"predecessor-version":[{"id":36867,"href":"https:\/\/www.policlinicagipuzkoa.com\/eu\/wp-json\/wp\/v2\/posts\/30789\/revisions\/36867"}],"wp:attachment":[{"href":"https:\/\/www.policlinicagipuzkoa.com\/eu\/wp-json\/wp\/v2\/media?parent=30789"}],"wp:term":[{"taxonomy":"category","embeddable":true,"href":"https:\/\/www.policlinicagipuzkoa.com\/eu\/wp-json\/wp\/v2\/categories?post=30789"},{"taxonomy":"post_tag","embeddable":true,"href":"https:\/\/www.policlinicagipuzkoa.com\/eu\/wp-json\/wp\/v2\/tags?post=30789"}],"curies":[{"name":"wp","href":"https:\/\/api.w.org\/{rel}","templated":true}]}}