{"id":30735,"date":"2011-09-07T00:00:00","date_gmt":"2011-09-06T22:00:00","guid":{"rendered":"http:\/\/www2.policlinicagipuzkoa.com\/azaleko-tratamenduetan-aurrerapenak-azal-laserrarekin-policlinica-gipuzkoako-osasun-ikasgelan\/"},"modified":"2014-09-24T11:08:22","modified_gmt":"2014-09-24T09:08:22","slug":"azaleko-tratamenduetan-aurrerapenak-azal-laserrarekin-policlinica-gipuzkoako-osasun-ikasgelan","status":"publish","type":"post","link":"https:\/\/www.policlinicagipuzkoa.com\/eu\/berriak\/azaleko-tratamenduetan-aurrerapenak-azal-laserrarekin-policlinica-gipuzkoako-osasun-ikasgelan\/","title":{"rendered":"Azaleko tratamenduetan aurrerapenak azal laserrarekin, Policl\u00ednica Gipuzkoako Osasun Ikasgelan"},"content":{"rendered":"<p>Jorge Soto dermatologoak Donostian irailaren 8an eskainiko du hitzaldia laserrari eta bere aplikazioei buruz hitzegiteko <\/p>\n<p><a href=\"http:\/\/videochat.diariovasco.com\/videochat.php?videochat=soto\" target=\"_blank\">Consultar charla digital del Dr. Jorge Soto en DV<\/a><\/p>\n<p>Empleado con un uso est&eacute;tico para la eliminaci&oacute;n de arrugas, manchas o  pliegues de la piel, el l&aacute;ser dermatol&oacute;gico posee adem&aacute;s m&uacute;ltiples  aplicaciones para tratar todo tipo de lesiones cut&aacute;neas como tumores o  lesiones vasculares, configur&aacute;ndose como un m&eacute;todo &ldquo;eficaz y seguro&rdquo;.<\/p>\n<p>De los &uacute;ltimos avances de la tecnolog&iacute;a l&aacute;ser, la seguridad en su  aplicaci&oacute;n y los tratamientos m&aacute;s avanzados hablar&aacute; el dermat&oacute;logo de  Policl&iacute;nica Gipuzkoa, Jorge Soto, en la conferencia &ldquo;Avances en los  tratamientos de piel. El l&aacute;ser cut&aacute;neo&rdquo;, que tendr&aacute; lugar ma&ntilde;ana jueves,  dentro del ciclo de las Aulas de Salud 2011 de Policl&iacute;nica.<\/p>\n<p>Seg&uacute;n explica el doctor Soto, &ldquo;el l&aacute;ser tiene, por un lado, un uso  cl&iacute;nico-quir&uacute;rgico, como el tratamiento de cicatrices, tumores o  malformaciones vasculares que presentan algunos ni&ntilde;os al nacer; y por  otro lado, tiene unas aplicaciones est&eacute;ticas para mejorar o corregir  problemas de la piel que no son enfermedad, como las arrugas y pliegues  de la piel, manchas marrones, dilataciones capilares, excesos de pelo o  eliminaci&oacute;n de tatuajes&rdquo;.<\/p>\n<p>Para tratar todos estos problemas, este especialista manifiesta  que &ldquo;el l&aacute;ser cut&aacute;neo aporta grandes beneficios para la piel, tal y como  est&aacute; constatado. La luz del l&aacute;ser incide de manera selectiva en la zona  a tratar sin afectar a los tejidos y estructuras adyacentes. Por  ejemplo, en las lesiones vasculares, el l&aacute;ser act&uacute;a selectivamente en  los vasos sangu&iacute;neos de la lesi&oacute;n vascular. Ocurre igual con las manchas  marrones de la cara o la depilaci&oacute;n. Estos tratamientos, junto con la  eliminaci&oacute;n de arrugas, son los m&aacute;s demandados y para los que el l&aacute;ser  est&aacute; muy bien situado, ya que se consiguen resultados satisfactorios en  un porcentaje mayoritario de los casos&rdquo;.<\/p>\n<p>Si bien las limitaciones del l&aacute;ser son espec&iacute;ficas de cada  patolog&iacute;a o problema, es necesario conocer muy bien las caracter&iacute;sticas  f&iacute;sicas de los l&aacute;seres y las de cada paciente a tratar. &ldquo;Por ello,  primero realizamos un diagn&oacute;stico y definici&oacute;n del problema. En la  depilaci&oacute;n con l&aacute;ser, &eacute;ste es un punto cr&iacute;tico para no fracasar con el  tratamiento. Por ejemplo, en pieles morenas o muy morenas, puede  funcionar mejor un dispositivo u otro. En cuanto a la edad, cada  tecnolog&iacute;a e indicaci&oacute;n tiene sus peculiaridades. Las lesiones  vasculares en ni&ntilde;os, por ejemplo, se pueden tratar desde los primeros  meses de vida con resultados muy positivos&rdquo;, se&ntilde;ala.<\/p>\n<p><strong>Eficacia y seguridad <\/strong><\/p>\n<p>Cuando se habla de l&aacute;ser, la seguridad es uno de los aspectos  que m&aacute;s preocupa. No obstante, este especialista subraya que &ldquo;es un  tratamiento eficaz y tremendamente seguro. Eso s&iacute;, siempre que sea  utilizado por manos expertas, ya que estos aparatos mal utilizados  pueden producir desde resultados escasos hasta cicatrices o graves  quemaduras&rdquo;.<\/p>\n<p>En cuanto a los avances que ha experimentado la tecnolog&iacute;a l&aacute;ser  para tratamientos de piel, Soto comenta que &ldquo;tuvo un empuj&oacute;n muy fuerte  en los a&ntilde;os 90. Ha ido evolucionando a lo largo de los a&ntilde;os y la &uacute;ltima  novedad es el fraccionamiento de la energ&iacute;a. La luz, en vez de emitirse  de manera uniforme, como se proced&iacute;a hasta hace poco, se emite en haces  de energ&iacute;a y de luz que tratan determinados puntos, no toda la zona&rdquo;.<\/p>\n<p>A este respecto, apunta que &ldquo;es menos eficaz aunque la recuperaci&oacute;n es  muy r&aacute;pida. En el caso de la eliminaci&oacute;n de arrugas, con los l&aacute;seres  cl&aacute;sicos basta una sesi&oacute;n, aunque supone 10 d&iacute;as de retiro. Con el l&aacute;ser  fraccional, entre 2 y 4 sesiones y sin apenas tiempo de recuperaci&oacute;n.  Para las manchas rojas, es suficiente con 1-3 sesiones. Para los ni&ntilde;os  con malformaciones vasculares, de 5 a 8 sesiones&rdquo;.\/\/<\/p>\n<p><a href=\"http:\/\/www.policlinicagipuzkoa.com\/conferencias.php\" target=\"_blank\"><strong>PROGRAMA PR&Oacute;XIMAS CONFERENCIAS<\/strong><\/a><\/p>\n<p><strong>6 de octubre &ldquo;Pruebas de paternidad y parentesco&rdquo;<\/strong> Dra. Concha Vidales Jefe del Servicio de Gen&eacute;tica Molecular de Policl&iacute;nica Gipuzkoa<\/p>\n<p><strong>3 de noviembre &ldquo;Prevenci&oacute;n en c&aacute;ncer de colon&rdquo;<\/strong> Dr. Juan Arenas Servicio de Aparato Digestivo de Policl&iacute;nica Gipuzkoa<\/p>\n<p><strong>1 de diciembre &ldquo;Avances en cirug&iacute;a cardiaca. Recambio valvular percut&aacute;neo&rdquo;<\/strong> Dr. Ignacio Gallo Cirujano Cardiovascular de Policl&iacute;nica Gipuzkoa<\/p>\n<p><em>*Todas las conferencias se celebrar&aacute;n en la sala Kutxa de la calle And&iacute;a de San Sebasti&aacute;n, a las 19.30 horas. Entrada libre. <\/em><\/p>\n<p><em>*Policl&iacute;nica Gipuzkoa colabora con la Federaci&oacute;n Vasca de  Asociaciones de Personas Sordas, con el fin de difundir el contenido de  estas conferencias de forma universal. Por ello, en cada una de las  charlas un traductor del lenguaje de los signos traducir&aacute; las ponencias  as&iacute; como el debate posterior de cada sesi&oacute;n.<\/em><\/p>\n<p><img class='size-full' src='\/wp-content\/uploads\/2014\/07\/soto1.jpg'><\/img><\/p>\n","protected":false},"excerpt":{"rendered":"<p>Jorge Soto dermatologoak Donostian irailaren 8an eskainiko du hitzaldia laserrari eta bere aplikazioei buruz hitzegiteko<\/p>\n","protected":false},"author":5,"featured_media":0,"comment_status":"open","ping_status":"closed","sticky":false,"template":"","format":"standard","meta":{"_acf_changed":false,"footnotes":""},"categories":[362],"tags":[2914,1429,1046,3147,1399,2962],"class_list":["post-30735","post","type-post","status-publish","format-standard","hentry","category-dermatologia-eu","tag-azala-2","tag-dermatologia","tag-jorge-soto-de-delas","tag-laserra","tag-policlinica-gipuzkoa","tag-tratamendua-2"],"acf":[],"yoast_head":"<!-- This site is optimized with the Yoast SEO plugin v27.2 - https:\/\/yoast.com\/product\/yoast-seo-wordpress\/ -->\n<title>Azaleko tratamenduetan aurrerapenak azal laserrarekin, Policl\u00ednica Gipuzkoako Osasun Ikasgelan - Policl\u00ednica Gipuzkoa<\/title>\n<meta name=\"robots\" content=\"index, follow, max-snippet:-1, max-image-preview:large, max-video-preview:-1\" \/>\n<link rel=\"canonical\" href=\"https:\/\/www.policlinicagipuzkoa.com\/eu\/berriak\/azaleko-tratamenduetan-aurrerapenak-azal-laserrarekin-policlinica-gipuzkoako-osasun-ikasgelan\/\" \/>\n<meta property=\"og:locale\" content=\"en_US\" \/>\n<meta property=\"og:type\" content=\"article\" \/>\n<meta property=\"og:title\" content=\"Azaleko tratamenduetan aurrerapenak azal laserrarekin, Policl\u00ednica Gipuzkoako Osasun Ikasgelan - Policl\u00ednica Gipuzkoa\" \/>\n<meta property=\"og:description\" content=\"Jorge Soto dermatologoak Donostian irailaren 8an eskainiko du hitzaldia laserrari eta bere aplikazioei buruz hitzegiteko\" \/>\n<meta property=\"og:url\" content=\"https:\/\/www.policlinicagipuzkoa.com\/eu\/berriak\/azaleko-tratamenduetan-aurrerapenak-azal-laserrarekin-policlinica-gipuzkoako-osasun-ikasgelan\/\" \/>\n<meta property=\"og:site_name\" content=\"Policl\u00ednica Gipuzkoa\" \/>\n<meta property=\"article:publisher\" content=\"https:\/\/www.facebook.com\/policlinicagipuzkoa\" \/>\n<meta property=\"article:published_time\" content=\"2011-09-06T22:00:00+00:00\" \/>\n<meta property=\"article:modified_time\" content=\"2014-09-24T09:08:22+00:00\" \/>\n<meta name=\"author\" content=\"Policl\u00ednica Gipuzkoa\" \/>\n<meta name=\"twitter:card\" content=\"summary_large_image\" \/>\n<meta name=\"twitter:creator\" content=\"@PolicliGipuzkoa\" \/>\n<meta name=\"twitter:site\" content=\"@PolicliGipuzkoa\" \/>\n<meta name=\"twitter:label1\" content=\"Written by\" \/>\n\t<meta name=\"twitter:data1\" content=\"Policl\u00ednica Gipuzkoa\" \/>\n\t<meta name=\"twitter:label2\" content=\"Est. reading time\" \/>\n\t<meta name=\"twitter:data2\" content=\"5 minutua\" \/>\n<script type=\"application\/ld+json\" class=\"yoast-schema-graph\">{\"@context\":\"https:\/\/schema.org\",\"@graph\":[{\"@type\":\"Article\",\"@id\":\"https:\/\/www.policlinicagipuzkoa.com\/eu\/berriak\/azaleko-tratamenduetan-aurrerapenak-azal-laserrarekin-policlinica-gipuzkoako-osasun-ikasgelan\/#article\",\"isPartOf\":{\"@id\":\"https:\/\/www.policlinicagipuzkoa.com\/eu\/berriak\/azaleko-tratamenduetan-aurrerapenak-azal-laserrarekin-policlinica-gipuzkoako-osasun-ikasgelan\/\"},\"author\":{\"name\":\"Policl\u00ednica Gipuzkoa\",\"@id\":\"https:\/\/www.policlinicagipuzkoa.com\/eu\/#\/schema\/person\/5963e1198f477f460d3c16a92318f832\"},\"headline\":\"Azaleko tratamenduetan aurrerapenak azal laserrarekin, Policl\u00ednica Gipuzkoako Osasun Ikasgelan\",\"datePublished\":\"2011-09-06T22:00:00+00:00\",\"dateModified\":\"2014-09-24T09:08:22+00:00\",\"mainEntityOfPage\":{\"@id\":\"https:\/\/www.policlinicagipuzkoa.com\/eu\/berriak\/azaleko-tratamenduetan-aurrerapenak-azal-laserrarekin-policlinica-gipuzkoako-osasun-ikasgelan\/\"},\"wordCount\":943,\"commentCount\":0,\"publisher\":{\"@id\":\"https:\/\/www.policlinicagipuzkoa.com\/eu\/#organization\"},\"keywords\":[\"azala\",\"dermatolog\u00eda\",\"Jorge Soto De Del\u00e1s\",\"laserra\",\"Policl\u00ednica Gipuzkoa\",\"tratamendua\"],\"articleSection\":[\"Dermatologia\"],\"inLanguage\":\"eu\",\"potentialAction\":[{\"@type\":\"CommentAction\",\"name\":\"Comment\",\"target\":[\"https:\/\/www.policlinicagipuzkoa.com\/eu\/berriak\/azaleko-tratamenduetan-aurrerapenak-azal-laserrarekin-policlinica-gipuzkoako-osasun-ikasgelan\/#respond\"]}]},{\"@type\":\"WebPage\",\"@id\":\"https:\/\/www.policlinicagipuzkoa.com\/eu\/berriak\/azaleko-tratamenduetan-aurrerapenak-azal-laserrarekin-policlinica-gipuzkoako-osasun-ikasgelan\/\",\"url\":\"https:\/\/www.policlinicagipuzkoa.com\/eu\/berriak\/azaleko-tratamenduetan-aurrerapenak-azal-laserrarekin-policlinica-gipuzkoako-osasun-ikasgelan\/\",\"name\":\"Azaleko tratamenduetan aurrerapenak azal laserrarekin, Policl\u00ednica Gipuzkoako Osasun Ikasgelan - Policl\u00ednica Gipuzkoa\",\"isPartOf\":{\"@id\":\"https:\/\/www.policlinicagipuzkoa.com\/eu\/#website\"},\"datePublished\":\"2011-09-06T22:00:00+00:00\",\"dateModified\":\"2014-09-24T09:08:22+00:00\",\"breadcrumb\":{\"@id\":\"https:\/\/www.policlinicagipuzkoa.com\/eu\/berriak\/azaleko-tratamenduetan-aurrerapenak-azal-laserrarekin-policlinica-gipuzkoako-osasun-ikasgelan\/#breadcrumb\"},\"inLanguage\":\"eu\",\"potentialAction\":[{\"@type\":\"ReadAction\",\"target\":[\"https:\/\/www.policlinicagipuzkoa.com\/eu\/berriak\/azaleko-tratamenduetan-aurrerapenak-azal-laserrarekin-policlinica-gipuzkoako-osasun-ikasgelan\/\"]}]},{\"@type\":\"BreadcrumbList\",\"@id\":\"https:\/\/www.policlinicagipuzkoa.com\/eu\/berriak\/azaleko-tratamenduetan-aurrerapenak-azal-laserrarekin-policlinica-gipuzkoako-osasun-ikasgelan\/#breadcrumb\",\"itemListElement\":[{\"@type\":\"ListItem\",\"position\":1,\"name\":\"Portada\",\"item\":\"https:\/\/www.policlinicagipuzkoa.com\/eu\/\"},{\"@type\":\"ListItem\",\"position\":2,\"name\":\"Azaleko tratamenduetan aurrerapenak azal laserrarekin, Policl\u00ednica Gipuzkoako Osasun Ikasgelan\"}]},{\"@type\":\"WebSite\",\"@id\":\"https:\/\/www.policlinicagipuzkoa.com\/eu\/#website\",\"url\":\"https:\/\/www.policlinicagipuzkoa.com\/eu\/\",\"name\":\"Policl\u00ednica Gipuzkoa\",\"description\":\"\",\"publisher\":{\"@id\":\"https:\/\/www.policlinicagipuzkoa.com\/eu\/#organization\"},\"potentialAction\":[{\"@type\":\"SearchAction\",\"target\":{\"@type\":\"EntryPoint\",\"urlTemplate\":\"https:\/\/www.policlinicagipuzkoa.com\/eu\/?s={search_term_string}\"},\"query-input\":{\"@type\":\"PropertyValueSpecification\",\"valueRequired\":true,\"valueName\":\"search_term_string\"}}],\"inLanguage\":\"eu\"},{\"@type\":\"Organization\",\"@id\":\"https:\/\/www.policlinicagipuzkoa.com\/eu\/#organization\",\"name\":\"Policl\u00ednica Gipuzkoa\",\"url\":\"https:\/\/www.policlinicagipuzkoa.com\/eu\/\",\"logo\":{\"@type\":\"ImageObject\",\"inLanguage\":\"eu\",\"@id\":\"https:\/\/www.policlinicagipuzkoa.com\/eu\/#\/schema\/logo\/image\/\",\"url\":\"https:\/\/www.policlinicagipuzkoa.com\/wp-content\/uploads\/2016\/12\/FotoLogoPG.jpg\",\"contentUrl\":\"https:\/\/www.policlinicagipuzkoa.com\/wp-content\/uploads\/2016\/12\/FotoLogoPG.jpg\",\"width\":1600,\"height\":800,\"caption\":\"Policl\u00ednica Gipuzkoa\"},\"image\":{\"@id\":\"https:\/\/www.policlinicagipuzkoa.com\/eu\/#\/schema\/logo\/image\/\"},\"sameAs\":[\"https:\/\/www.facebook.com\/policlinicagipuzkoa\",\"https:\/\/x.com\/PolicliGipuzkoa\",\"https:\/\/instagram.com\/policlinicagipuzkoa\/\",\"https:\/\/es.linkedin.com\/company\/policlinica-gipuzkoa\",\"https:\/\/www.youtube.com\/user\/POLICLINICAGIPUZKOA\"]},{\"@type\":\"Person\",\"@id\":\"https:\/\/www.policlinicagipuzkoa.com\/eu\/#\/schema\/person\/5963e1198f477f460d3c16a92318f832\",\"name\":\"Policl\u00ednica Gipuzkoa\"}]}<\/script>\n<!-- \/ Yoast SEO plugin. -->","yoast_head_json":{"title":"Azaleko tratamenduetan aurrerapenak azal laserrarekin, Policl\u00ednica Gipuzkoako Osasun Ikasgelan - Policl\u00ednica Gipuzkoa","robots":{"index":"index","follow":"follow","max-snippet":"max-snippet:-1","max-image-preview":"max-image-preview:large","max-video-preview":"max-video-preview:-1"},"canonical":"https:\/\/www.policlinicagipuzkoa.com\/eu\/berriak\/azaleko-tratamenduetan-aurrerapenak-azal-laserrarekin-policlinica-gipuzkoako-osasun-ikasgelan\/","og_locale":"en_US","og_type":"article","og_title":"Azaleko tratamenduetan aurrerapenak azal laserrarekin, Policl\u00ednica Gipuzkoako Osasun Ikasgelan - Policl\u00ednica Gipuzkoa","og_description":"Jorge Soto dermatologoak Donostian irailaren 8an eskainiko du hitzaldia laserrari eta bere aplikazioei buruz hitzegiteko","og_url":"https:\/\/www.policlinicagipuzkoa.com\/eu\/berriak\/azaleko-tratamenduetan-aurrerapenak-azal-laserrarekin-policlinica-gipuzkoako-osasun-ikasgelan\/","og_site_name":"Policl\u00ednica Gipuzkoa","article_publisher":"https:\/\/www.facebook.com\/policlinicagipuzkoa","article_published_time":"2011-09-06T22:00:00+00:00","article_modified_time":"2014-09-24T09:08:22+00:00","author":"Policl\u00ednica Gipuzkoa","twitter_card":"summary_large_image","twitter_creator":"@PolicliGipuzkoa","twitter_site":"@PolicliGipuzkoa","twitter_misc":{"Written by":"Policl\u00ednica Gipuzkoa","Est. reading time":"5 minutua"},"schema":{"@context":"https:\/\/schema.org","@graph":[{"@type":"Article","@id":"https:\/\/www.policlinicagipuzkoa.com\/eu\/berriak\/azaleko-tratamenduetan-aurrerapenak-azal-laserrarekin-policlinica-gipuzkoako-osasun-ikasgelan\/#article","isPartOf":{"@id":"https:\/\/www.policlinicagipuzkoa.com\/eu\/berriak\/azaleko-tratamenduetan-aurrerapenak-azal-laserrarekin-policlinica-gipuzkoako-osasun-ikasgelan\/"},"author":{"name":"Policl\u00ednica Gipuzkoa","@id":"https:\/\/www.policlinicagipuzkoa.com\/eu\/#\/schema\/person\/5963e1198f477f460d3c16a92318f832"},"headline":"Azaleko tratamenduetan aurrerapenak azal laserrarekin, Policl\u00ednica Gipuzkoako Osasun Ikasgelan","datePublished":"2011-09-06T22:00:00+00:00","dateModified":"2014-09-24T09:08:22+00:00","mainEntityOfPage":{"@id":"https:\/\/www.policlinicagipuzkoa.com\/eu\/berriak\/azaleko-tratamenduetan-aurrerapenak-azal-laserrarekin-policlinica-gipuzkoako-osasun-ikasgelan\/"},"wordCount":943,"commentCount":0,"publisher":{"@id":"https:\/\/www.policlinicagipuzkoa.com\/eu\/#organization"},"keywords":["azala","dermatolog\u00eda","Jorge Soto De Del\u00e1s","laserra","Policl\u00ednica Gipuzkoa","tratamendua"],"articleSection":["Dermatologia"],"inLanguage":"eu","potentialAction":[{"@type":"CommentAction","name":"Comment","target":["https:\/\/www.policlinicagipuzkoa.com\/eu\/berriak\/azaleko-tratamenduetan-aurrerapenak-azal-laserrarekin-policlinica-gipuzkoako-osasun-ikasgelan\/#respond"]}]},{"@type":"WebPage","@id":"https:\/\/www.policlinicagipuzkoa.com\/eu\/berriak\/azaleko-tratamenduetan-aurrerapenak-azal-laserrarekin-policlinica-gipuzkoako-osasun-ikasgelan\/","url":"https:\/\/www.policlinicagipuzkoa.com\/eu\/berriak\/azaleko-tratamenduetan-aurrerapenak-azal-laserrarekin-policlinica-gipuzkoako-osasun-ikasgelan\/","name":"Azaleko tratamenduetan aurrerapenak azal laserrarekin, Policl\u00ednica Gipuzkoako Osasun Ikasgelan - Policl\u00ednica Gipuzkoa","isPartOf":{"@id":"https:\/\/www.policlinicagipuzkoa.com\/eu\/#website"},"datePublished":"2011-09-06T22:00:00+00:00","dateModified":"2014-09-24T09:08:22+00:00","breadcrumb":{"@id":"https:\/\/www.policlinicagipuzkoa.com\/eu\/berriak\/azaleko-tratamenduetan-aurrerapenak-azal-laserrarekin-policlinica-gipuzkoako-osasun-ikasgelan\/#breadcrumb"},"inLanguage":"eu","potentialAction":[{"@type":"ReadAction","target":["https:\/\/www.policlinicagipuzkoa.com\/eu\/berriak\/azaleko-tratamenduetan-aurrerapenak-azal-laserrarekin-policlinica-gipuzkoako-osasun-ikasgelan\/"]}]},{"@type":"BreadcrumbList","@id":"https:\/\/www.policlinicagipuzkoa.com\/eu\/berriak\/azaleko-tratamenduetan-aurrerapenak-azal-laserrarekin-policlinica-gipuzkoako-osasun-ikasgelan\/#breadcrumb","itemListElement":[{"@type":"ListItem","position":1,"name":"Portada","item":"https:\/\/www.policlinicagipuzkoa.com\/eu\/"},{"@type":"ListItem","position":2,"name":"Azaleko tratamenduetan aurrerapenak azal laserrarekin, Policl\u00ednica Gipuzkoako Osasun Ikasgelan"}]},{"@type":"WebSite","@id":"https:\/\/www.policlinicagipuzkoa.com\/eu\/#website","url":"https:\/\/www.policlinicagipuzkoa.com\/eu\/","name":"Policl\u00ednica Gipuzkoa","description":"","publisher":{"@id":"https:\/\/www.policlinicagipuzkoa.com\/eu\/#organization"},"potentialAction":[{"@type":"SearchAction","target":{"@type":"EntryPoint","urlTemplate":"https:\/\/www.policlinicagipuzkoa.com\/eu\/?s={search_term_string}"},"query-input":{"@type":"PropertyValueSpecification","valueRequired":true,"valueName":"search_term_string"}}],"inLanguage":"eu"},{"@type":"Organization","@id":"https:\/\/www.policlinicagipuzkoa.com\/eu\/#organization","name":"Policl\u00ednica Gipuzkoa","url":"https:\/\/www.policlinicagipuzkoa.com\/eu\/","logo":{"@type":"ImageObject","inLanguage":"eu","@id":"https:\/\/www.policlinicagipuzkoa.com\/eu\/#\/schema\/logo\/image\/","url":"https:\/\/www.policlinicagipuzkoa.com\/wp-content\/uploads\/2016\/12\/FotoLogoPG.jpg","contentUrl":"https:\/\/www.policlinicagipuzkoa.com\/wp-content\/uploads\/2016\/12\/FotoLogoPG.jpg","width":1600,"height":800,"caption":"Policl\u00ednica Gipuzkoa"},"image":{"@id":"https:\/\/www.policlinicagipuzkoa.com\/eu\/#\/schema\/logo\/image\/"},"sameAs":["https:\/\/www.facebook.com\/policlinicagipuzkoa","https:\/\/x.com\/PolicliGipuzkoa","https:\/\/instagram.com\/policlinicagipuzkoa\/","https:\/\/es.linkedin.com\/company\/policlinica-gipuzkoa","https:\/\/www.youtube.com\/user\/POLICLINICAGIPUZKOA"]},{"@type":"Person","@id":"https:\/\/www.policlinicagipuzkoa.com\/eu\/#\/schema\/person\/5963e1198f477f460d3c16a92318f832","name":"Policl\u00ednica Gipuzkoa"}]}},"_links":{"self":[{"href":"https:\/\/www.policlinicagipuzkoa.com\/eu\/wp-json\/wp\/v2\/posts\/30735","targetHints":{"allow":["GET"]}}],"collection":[{"href":"https:\/\/www.policlinicagipuzkoa.com\/eu\/wp-json\/wp\/v2\/posts"}],"about":[{"href":"https:\/\/www.policlinicagipuzkoa.com\/eu\/wp-json\/wp\/v2\/types\/post"}],"author":[{"embeddable":true,"href":"https:\/\/www.policlinicagipuzkoa.com\/eu\/wp-json\/wp\/v2\/users\/5"}],"replies":[{"embeddable":true,"href":"https:\/\/www.policlinicagipuzkoa.com\/eu\/wp-json\/wp\/v2\/comments?post=30735"}],"version-history":[{"count":1,"href":"https:\/\/www.policlinicagipuzkoa.com\/eu\/wp-json\/wp\/v2\/posts\/30735\/revisions"}],"predecessor-version":[{"id":36848,"href":"https:\/\/www.policlinicagipuzkoa.com\/eu\/wp-json\/wp\/v2\/posts\/30735\/revisions\/36848"}],"wp:attachment":[{"href":"https:\/\/www.policlinicagipuzkoa.com\/eu\/wp-json\/wp\/v2\/media?parent=30735"}],"wp:term":[{"taxonomy":"category","embeddable":true,"href":"https:\/\/www.policlinicagipuzkoa.com\/eu\/wp-json\/wp\/v2\/categories?post=30735"},{"taxonomy":"post_tag","embeddable":true,"href":"https:\/\/www.policlinicagipuzkoa.com\/eu\/wp-json\/wp\/v2\/tags?post=30735"}],"curies":[{"name":"wp","href":"https:\/\/api.w.org\/{rel}","templated":true}]}}