{"id":178742,"date":"2025-08-08T08:23:17","date_gmt":"2025-08-08T06:23:17","guid":{"rendered":"https:\/\/www.policlinicagipuzkoa.com\/?p=178742"},"modified":"2025-08-08T08:24:25","modified_gmt":"2025-08-08T06:24:25","slug":"begien-babesa-gure-udako-ezinbestekoen-parte-izan-beharko-litzateke","status":"publish","type":"post","link":"https:\/\/www.policlinicagipuzkoa.com\/eu\/berriak\/begien-babesa-gure-udako-ezinbestekoen-parte-izan-beharko-litzateke\/","title":{"rendered":"\u201cBegien babesa gure udako ezinbestekoen parte izan beharko litzateke\u201d"},"content":{"rendered":"\n<p><strong>Udan areagotu egiten dira begietako infekzioak urarekin, eguzkiarekin eta agente narritagarriekin (kloroa edo gatza) kontaktuan egoteagatik. H\u00e9ctor Fari\u00f1a doktoreak, Policl\u00ednica Gipuzkoako oftalmologoak, oporretan gure begiak babesteko gakoak eskaintzen ditu.<\/strong><\/p>\n\n\n\n<!--more-->\n\n\n\n<p>Uda iristearekin eta aire zabaleko eta uretako jardueren gorakadarekin, begietako infekzioak, bereziki konjuntibitisa, ohikoagoak bihurtzen dira. Horrela ohartarazi du Policl\u00ednica Gipuzkoako oftalmologo H\u00e9ctor Fari\u00f1a doktoreak: \u201cigerilekuek, itsasoak eta izpi ultramorearen esposizio handiagoak eguzki-esposizioaren ondoriozko konjuntibitis birikoa eta keratitisa agertzea errazten dute\u201d.<\/p>\n\n\n\n<p>Ur partekatuek birusak, algak, amebak edo begiekin kontaktuan jartzen diren eta infekzioak eragiten dituzten beste germen batzuk izan ditzakete. Gainera, igerilekuetako kloroa edo itsasoko gatza bezalako faktoreek narritadurak eragin ditzakete. \u201cKloroak, kontzentrazioaren arabera, konjuntibitis toxikoa sor dezake. Eta gatzak, hipertonikoa denez, konjuntiba ere narritatzen du, batez ere haurrengan, uretatik begi gorriekin ateratzen baitira\u201d, azaldu du Fari\u00f1ak.<\/p>\n\n\n\n<p>Gainera, beroak eta hezetasunak hazkuntza-salda gisa jarduten dute zenbait birusentzat, hala nola adenobirusarentzat. Adenobirusak konjuntibitisa eragin ohi du urte sasoi honetan. Begiko infekzio baten susmagarri izan behar duten sintoma ohikoenen artean, begiaren gorritasuna, begiko jariakina (batez ere goizean) eta azkuraren edo hondarra edukitzearen sentsazioa nabarmentzen ditu espezialistak.<\/p>\n\n\n\n<p><strong>Udan begietako infekzioak nola prebenitu<\/strong><\/p>\n\n\n\n<p>H\u00e9ctor Fari\u00f1ak hainbat neurri sinple baina eraginkor gomendatzen ditu oporretan begietako infekzioak prebenitzeko: eguzkitako betaurreko homologatuak eta txanoak erabiltzea, batez ere haurren kasuan; begiak urpean igeri egin behar bada edo begiak urpean irekiko badira babestea; itsasoan edo babesik gabeko igerilekuetan begiak ez irekitzea; eta, lentillak erabiltzen dituztenen kasuan, ez murgiltzea haiekin, ezta begiak urpean irekitzea ere.<\/p>\n\n\n\n<p>\u201cBegien babesa gure udako ezinbesteko elementuetako bat izan beharko litzateke. Eguzki-krema botatzen dugun bezala, gure begiak babestu behar ditugu urte sasoi honetako kanpoko erasoen aurrean\u201d, ondorioztatu du Policl\u00ednica Gipuzkoako oftalmologoak.<\/p>\n","protected":false},"excerpt":{"rendered":"","protected":false},"author":5,"featured_media":178743,"comment_status":"closed","ping_status":"closed","sticky":true,"template":"","format":"standard","meta":{"_acf_changed":false,"footnotes":""},"categories":[384],"tags":[5172,4980,3485],"class_list":["post-178742","post","type-post","status-publish","format-standard","has-post-thumbnail","hentry","category-oftalmologia-eu","tag-hector-farina-2","tag-hector-isaac-farina-narvaez-2","tag-oftalmologia-2"],"acf":[],"yoast_head":"<!-- This site is optimized with the Yoast SEO plugin v27.2 - https:\/\/yoast.com\/product\/yoast-seo-wordpress\/ -->\n<title>\u201cBegien babesa gure udako ezinbestekoen parte izan beharko litzateke\u201d - Policl\u00ednica Gipuzkoa<\/title>\n<meta name=\"robots\" content=\"index, follow, max-snippet:-1, max-image-preview:large, max-video-preview:-1\" \/>\n<link rel=\"canonical\" href=\"https:\/\/www.policlinicagipuzkoa.com\/eu\/berriak\/begien-babesa-gure-udako-ezinbestekoen-parte-izan-beharko-litzateke\/\" \/>\n<meta property=\"og:locale\" content=\"en_US\" \/>\n<meta property=\"og:type\" content=\"article\" \/>\n<meta property=\"og:title\" content=\"\u201cBegien babesa gure udako ezinbestekoen parte izan beharko litzateke\u201d - Policl\u00ednica Gipuzkoa\" \/>\n<meta property=\"og:url\" content=\"https:\/\/www.policlinicagipuzkoa.com\/eu\/berriak\/begien-babesa-gure-udako-ezinbestekoen-parte-izan-beharko-litzateke\/\" \/>\n<meta property=\"og:site_name\" content=\"Policl\u00ednica Gipuzkoa\" \/>\n<meta property=\"article:publisher\" content=\"https:\/\/www.facebook.com\/policlinicagipuzkoa\" \/>\n<meta property=\"article:published_time\" content=\"2025-08-08T06:23:17+00:00\" \/>\n<meta property=\"article:modified_time\" content=\"2025-08-08T06:24:25+00:00\" \/>\n<meta property=\"og:image\" content=\"https:\/\/www.policlinicagipuzkoa.com\/wp-content\/uploads\/2025\/08\/Infeccion-ocular-1-scaled.jpeg\" \/>\n\t<meta property=\"og:image:width\" content=\"2560\" \/>\n\t<meta property=\"og:image:height\" content=\"1706\" \/>\n\t<meta property=\"og:image:type\" content=\"image\/jpeg\" \/>\n<meta name=\"author\" content=\"Policl\u00ednica Gipuzkoa\" \/>\n<meta name=\"twitter:card\" content=\"summary_large_image\" \/>\n<meta name=\"twitter:creator\" content=\"@PolicliGipuzkoa\" \/>\n<meta name=\"twitter:site\" content=\"@PolicliGipuzkoa\" \/>\n<meta name=\"twitter:label1\" content=\"Written by\" \/>\n\t<meta name=\"twitter:data1\" content=\"Policl\u00ednica Gipuzkoa\" \/>\n\t<meta name=\"twitter:label2\" content=\"Est. reading time\" \/>\n\t<meta name=\"twitter:data2\" content=\"2 minutua\" \/>\n<script type=\"application\/ld+json\" class=\"yoast-schema-graph\">{\"@context\":\"https:\/\/schema.org\",\"@graph\":[{\"@type\":\"Article\",\"@id\":\"https:\/\/www.policlinicagipuzkoa.com\/eu\/berriak\/begien-babesa-gure-udako-ezinbestekoen-parte-izan-beharko-litzateke\/#article\",\"isPartOf\":{\"@id\":\"https:\/\/www.policlinicagipuzkoa.com\/eu\/berriak\/begien-babesa-gure-udako-ezinbestekoen-parte-izan-beharko-litzateke\/\"},\"author\":{\"name\":\"Policl\u00ednica Gipuzkoa\",\"@id\":\"https:\/\/www.policlinicagipuzkoa.com\/eu\/#\/schema\/person\/5963e1198f477f460d3c16a92318f832\"},\"headline\":\"\u201cBegien babesa gure udako ezinbestekoen parte izan beharko litzateke\u201d\",\"datePublished\":\"2025-08-08T06:23:17+00:00\",\"dateModified\":\"2025-08-08T06:24:25+00:00\",\"mainEntityOfPage\":{\"@id\":\"https:\/\/www.policlinicagipuzkoa.com\/eu\/berriak\/begien-babesa-gure-udako-ezinbestekoen-parte-izan-beharko-litzateke\/\"},\"wordCount\":283,\"publisher\":{\"@id\":\"https:\/\/www.policlinicagipuzkoa.com\/eu\/#organization\"},\"image\":{\"@id\":\"https:\/\/www.policlinicagipuzkoa.com\/eu\/berriak\/begien-babesa-gure-udako-ezinbestekoen-parte-izan-beharko-litzateke\/#primaryimage\"},\"thumbnailUrl\":\"https:\/\/www.policlinicagipuzkoa.com\/wp-content\/uploads\/2025\/08\/Infeccion-ocular-1-scaled.jpeg\",\"keywords\":[\"H\u00e9ctor Fari\u00f1a\",\"H\u00e9ctor Isaac Fari\u00f1a Narv\u00e1ez\",\"Oftalmolog\u00eda\"],\"articleSection\":[\"Oftalmologia\"],\"inLanguage\":\"eu\"},{\"@type\":\"WebPage\",\"@id\":\"https:\/\/www.policlinicagipuzkoa.com\/eu\/berriak\/begien-babesa-gure-udako-ezinbestekoen-parte-izan-beharko-litzateke\/\",\"url\":\"https:\/\/www.policlinicagipuzkoa.com\/eu\/berriak\/begien-babesa-gure-udako-ezinbestekoen-parte-izan-beharko-litzateke\/\",\"name\":\"\u201cBegien babesa gure udako ezinbestekoen parte izan beharko litzateke\u201d - Policl\u00ednica Gipuzkoa\",\"isPartOf\":{\"@id\":\"https:\/\/www.policlinicagipuzkoa.com\/eu\/#website\"},\"primaryImageOfPage\":{\"@id\":\"https:\/\/www.policlinicagipuzkoa.com\/eu\/berriak\/begien-babesa-gure-udako-ezinbestekoen-parte-izan-beharko-litzateke\/#primaryimage\"},\"image\":{\"@id\":\"https:\/\/www.policlinicagipuzkoa.com\/eu\/berriak\/begien-babesa-gure-udako-ezinbestekoen-parte-izan-beharko-litzateke\/#primaryimage\"},\"thumbnailUrl\":\"https:\/\/www.policlinicagipuzkoa.com\/wp-content\/uploads\/2025\/08\/Infeccion-ocular-1-scaled.jpeg\",\"datePublished\":\"2025-08-08T06:23:17+00:00\",\"dateModified\":\"2025-08-08T06:24:25+00:00\",\"breadcrumb\":{\"@id\":\"https:\/\/www.policlinicagipuzkoa.com\/eu\/berriak\/begien-babesa-gure-udako-ezinbestekoen-parte-izan-beharko-litzateke\/#breadcrumb\"},\"inLanguage\":\"eu\",\"potentialAction\":[{\"@type\":\"ReadAction\",\"target\":[\"https:\/\/www.policlinicagipuzkoa.com\/eu\/berriak\/begien-babesa-gure-udako-ezinbestekoen-parte-izan-beharko-litzateke\/\"]}]},{\"@type\":\"ImageObject\",\"inLanguage\":\"eu\",\"@id\":\"https:\/\/www.policlinicagipuzkoa.com\/eu\/berriak\/begien-babesa-gure-udako-ezinbestekoen-parte-izan-beharko-litzateke\/#primaryimage\",\"url\":\"https:\/\/www.policlinicagipuzkoa.com\/wp-content\/uploads\/2025\/08\/Infeccion-ocular-1-scaled.jpeg\",\"contentUrl\":\"https:\/\/www.policlinicagipuzkoa.com\/wp-content\/uploads\/2025\/08\/Infeccion-ocular-1-scaled.jpeg\",\"width\":2560,\"height\":1706},{\"@type\":\"BreadcrumbList\",\"@id\":\"https:\/\/www.policlinicagipuzkoa.com\/eu\/berriak\/begien-babesa-gure-udako-ezinbestekoen-parte-izan-beharko-litzateke\/#breadcrumb\",\"itemListElement\":[{\"@type\":\"ListItem\",\"position\":1,\"name\":\"Portada\",\"item\":\"https:\/\/www.policlinicagipuzkoa.com\/eu\/\"},{\"@type\":\"ListItem\",\"position\":2,\"name\":\"\u201cBegien babesa gure udako ezinbestekoen parte izan beharko litzateke\u201d\"}]},{\"@type\":\"WebSite\",\"@id\":\"https:\/\/www.policlinicagipuzkoa.com\/eu\/#website\",\"url\":\"https:\/\/www.policlinicagipuzkoa.com\/eu\/\",\"name\":\"Policl\u00ednica Gipuzkoa\",\"description\":\"\",\"publisher\":{\"@id\":\"https:\/\/www.policlinicagipuzkoa.com\/eu\/#organization\"},\"potentialAction\":[{\"@type\":\"SearchAction\",\"target\":{\"@type\":\"EntryPoint\",\"urlTemplate\":\"https:\/\/www.policlinicagipuzkoa.com\/eu\/?s={search_term_string}\"},\"query-input\":{\"@type\":\"PropertyValueSpecification\",\"valueRequired\":true,\"valueName\":\"search_term_string\"}}],\"inLanguage\":\"eu\"},{\"@type\":\"Organization\",\"@id\":\"https:\/\/www.policlinicagipuzkoa.com\/eu\/#organization\",\"name\":\"Policl\u00ednica Gipuzkoa\",\"url\":\"https:\/\/www.policlinicagipuzkoa.com\/eu\/\",\"logo\":{\"@type\":\"ImageObject\",\"inLanguage\":\"eu\",\"@id\":\"https:\/\/www.policlinicagipuzkoa.com\/eu\/#\/schema\/logo\/image\/\",\"url\":\"https:\/\/www.policlinicagipuzkoa.com\/wp-content\/uploads\/2016\/12\/FotoLogoPG.jpg\",\"contentUrl\":\"https:\/\/www.policlinicagipuzkoa.com\/wp-content\/uploads\/2016\/12\/FotoLogoPG.jpg\",\"width\":1600,\"height\":800,\"caption\":\"Policl\u00ednica Gipuzkoa\"},\"image\":{\"@id\":\"https:\/\/www.policlinicagipuzkoa.com\/eu\/#\/schema\/logo\/image\/\"},\"sameAs\":[\"https:\/\/www.facebook.com\/policlinicagipuzkoa\",\"https:\/\/x.com\/PolicliGipuzkoa\",\"https:\/\/instagram.com\/policlinicagipuzkoa\/\",\"https:\/\/es.linkedin.com\/company\/policlinica-gipuzkoa\",\"https:\/\/www.youtube.com\/user\/POLICLINICAGIPUZKOA\"]},{\"@type\":\"Person\",\"@id\":\"https:\/\/www.policlinicagipuzkoa.com\/eu\/#\/schema\/person\/5963e1198f477f460d3c16a92318f832\",\"name\":\"Policl\u00ednica Gipuzkoa\"}]}<\/script>\n<!-- \/ Yoast SEO plugin. -->","yoast_head_json":{"title":"\u201cBegien babesa gure udako ezinbestekoen parte izan beharko litzateke\u201d - Policl\u00ednica Gipuzkoa","robots":{"index":"index","follow":"follow","max-snippet":"max-snippet:-1","max-image-preview":"max-image-preview:large","max-video-preview":"max-video-preview:-1"},"canonical":"https:\/\/www.policlinicagipuzkoa.com\/eu\/berriak\/begien-babesa-gure-udako-ezinbestekoen-parte-izan-beharko-litzateke\/","og_locale":"en_US","og_type":"article","og_title":"\u201cBegien babesa gure udako ezinbestekoen parte izan beharko litzateke\u201d - Policl\u00ednica Gipuzkoa","og_url":"https:\/\/www.policlinicagipuzkoa.com\/eu\/berriak\/begien-babesa-gure-udako-ezinbestekoen-parte-izan-beharko-litzateke\/","og_site_name":"Policl\u00ednica Gipuzkoa","article_publisher":"https:\/\/www.facebook.com\/policlinicagipuzkoa","article_published_time":"2025-08-08T06:23:17+00:00","article_modified_time":"2025-08-08T06:24:25+00:00","og_image":[{"width":2560,"height":1706,"url":"https:\/\/www.policlinicagipuzkoa.com\/wp-content\/uploads\/2025\/08\/Infeccion-ocular-1-scaled.jpeg","type":"image\/jpeg"}],"author":"Policl\u00ednica Gipuzkoa","twitter_card":"summary_large_image","twitter_creator":"@PolicliGipuzkoa","twitter_site":"@PolicliGipuzkoa","twitter_misc":{"Written by":"Policl\u00ednica Gipuzkoa","Est. reading time":"2 minutua"},"schema":{"@context":"https:\/\/schema.org","@graph":[{"@type":"Article","@id":"https:\/\/www.policlinicagipuzkoa.com\/eu\/berriak\/begien-babesa-gure-udako-ezinbestekoen-parte-izan-beharko-litzateke\/#article","isPartOf":{"@id":"https:\/\/www.policlinicagipuzkoa.com\/eu\/berriak\/begien-babesa-gure-udako-ezinbestekoen-parte-izan-beharko-litzateke\/"},"author":{"name":"Policl\u00ednica Gipuzkoa","@id":"https:\/\/www.policlinicagipuzkoa.com\/eu\/#\/schema\/person\/5963e1198f477f460d3c16a92318f832"},"headline":"\u201cBegien babesa gure udako ezinbestekoen parte izan beharko litzateke\u201d","datePublished":"2025-08-08T06:23:17+00:00","dateModified":"2025-08-08T06:24:25+00:00","mainEntityOfPage":{"@id":"https:\/\/www.policlinicagipuzkoa.com\/eu\/berriak\/begien-babesa-gure-udako-ezinbestekoen-parte-izan-beharko-litzateke\/"},"wordCount":283,"publisher":{"@id":"https:\/\/www.policlinicagipuzkoa.com\/eu\/#organization"},"image":{"@id":"https:\/\/www.policlinicagipuzkoa.com\/eu\/berriak\/begien-babesa-gure-udako-ezinbestekoen-parte-izan-beharko-litzateke\/#primaryimage"},"thumbnailUrl":"https:\/\/www.policlinicagipuzkoa.com\/wp-content\/uploads\/2025\/08\/Infeccion-ocular-1-scaled.jpeg","keywords":["H\u00e9ctor Fari\u00f1a","H\u00e9ctor Isaac Fari\u00f1a Narv\u00e1ez","Oftalmolog\u00eda"],"articleSection":["Oftalmologia"],"inLanguage":"eu"},{"@type":"WebPage","@id":"https:\/\/www.policlinicagipuzkoa.com\/eu\/berriak\/begien-babesa-gure-udako-ezinbestekoen-parte-izan-beharko-litzateke\/","url":"https:\/\/www.policlinicagipuzkoa.com\/eu\/berriak\/begien-babesa-gure-udako-ezinbestekoen-parte-izan-beharko-litzateke\/","name":"\u201cBegien babesa gure udako ezinbestekoen parte izan beharko litzateke\u201d - Policl\u00ednica Gipuzkoa","isPartOf":{"@id":"https:\/\/www.policlinicagipuzkoa.com\/eu\/#website"},"primaryImageOfPage":{"@id":"https:\/\/www.policlinicagipuzkoa.com\/eu\/berriak\/begien-babesa-gure-udako-ezinbestekoen-parte-izan-beharko-litzateke\/#primaryimage"},"image":{"@id":"https:\/\/www.policlinicagipuzkoa.com\/eu\/berriak\/begien-babesa-gure-udako-ezinbestekoen-parte-izan-beharko-litzateke\/#primaryimage"},"thumbnailUrl":"https:\/\/www.policlinicagipuzkoa.com\/wp-content\/uploads\/2025\/08\/Infeccion-ocular-1-scaled.jpeg","datePublished":"2025-08-08T06:23:17+00:00","dateModified":"2025-08-08T06:24:25+00:00","breadcrumb":{"@id":"https:\/\/www.policlinicagipuzkoa.com\/eu\/berriak\/begien-babesa-gure-udako-ezinbestekoen-parte-izan-beharko-litzateke\/#breadcrumb"},"inLanguage":"eu","potentialAction":[{"@type":"ReadAction","target":["https:\/\/www.policlinicagipuzkoa.com\/eu\/berriak\/begien-babesa-gure-udako-ezinbestekoen-parte-izan-beharko-litzateke\/"]}]},{"@type":"ImageObject","inLanguage":"eu","@id":"https:\/\/www.policlinicagipuzkoa.com\/eu\/berriak\/begien-babesa-gure-udako-ezinbestekoen-parte-izan-beharko-litzateke\/#primaryimage","url":"https:\/\/www.policlinicagipuzkoa.com\/wp-content\/uploads\/2025\/08\/Infeccion-ocular-1-scaled.jpeg","contentUrl":"https:\/\/www.policlinicagipuzkoa.com\/wp-content\/uploads\/2025\/08\/Infeccion-ocular-1-scaled.jpeg","width":2560,"height":1706},{"@type":"BreadcrumbList","@id":"https:\/\/www.policlinicagipuzkoa.com\/eu\/berriak\/begien-babesa-gure-udako-ezinbestekoen-parte-izan-beharko-litzateke\/#breadcrumb","itemListElement":[{"@type":"ListItem","position":1,"name":"Portada","item":"https:\/\/www.policlinicagipuzkoa.com\/eu\/"},{"@type":"ListItem","position":2,"name":"\u201cBegien babesa gure udako ezinbestekoen parte izan beharko litzateke\u201d"}]},{"@type":"WebSite","@id":"https:\/\/www.policlinicagipuzkoa.com\/eu\/#website","url":"https:\/\/www.policlinicagipuzkoa.com\/eu\/","name":"Policl\u00ednica Gipuzkoa","description":"","publisher":{"@id":"https:\/\/www.policlinicagipuzkoa.com\/eu\/#organization"},"potentialAction":[{"@type":"SearchAction","target":{"@type":"EntryPoint","urlTemplate":"https:\/\/www.policlinicagipuzkoa.com\/eu\/?s={search_term_string}"},"query-input":{"@type":"PropertyValueSpecification","valueRequired":true,"valueName":"search_term_string"}}],"inLanguage":"eu"},{"@type":"Organization","@id":"https:\/\/www.policlinicagipuzkoa.com\/eu\/#organization","name":"Policl\u00ednica Gipuzkoa","url":"https:\/\/www.policlinicagipuzkoa.com\/eu\/","logo":{"@type":"ImageObject","inLanguage":"eu","@id":"https:\/\/www.policlinicagipuzkoa.com\/eu\/#\/schema\/logo\/image\/","url":"https:\/\/www.policlinicagipuzkoa.com\/wp-content\/uploads\/2016\/12\/FotoLogoPG.jpg","contentUrl":"https:\/\/www.policlinicagipuzkoa.com\/wp-content\/uploads\/2016\/12\/FotoLogoPG.jpg","width":1600,"height":800,"caption":"Policl\u00ednica Gipuzkoa"},"image":{"@id":"https:\/\/www.policlinicagipuzkoa.com\/eu\/#\/schema\/logo\/image\/"},"sameAs":["https:\/\/www.facebook.com\/policlinicagipuzkoa","https:\/\/x.com\/PolicliGipuzkoa","https:\/\/instagram.com\/policlinicagipuzkoa\/","https:\/\/es.linkedin.com\/company\/policlinica-gipuzkoa","https:\/\/www.youtube.com\/user\/POLICLINICAGIPUZKOA"]},{"@type":"Person","@id":"https:\/\/www.policlinicagipuzkoa.com\/eu\/#\/schema\/person\/5963e1198f477f460d3c16a92318f832","name":"Policl\u00ednica Gipuzkoa"}]}},"_links":{"self":[{"href":"https:\/\/www.policlinicagipuzkoa.com\/eu\/wp-json\/wp\/v2\/posts\/178742","targetHints":{"allow":["GET"]}}],"collection":[{"href":"https:\/\/www.policlinicagipuzkoa.com\/eu\/wp-json\/wp\/v2\/posts"}],"about":[{"href":"https:\/\/www.policlinicagipuzkoa.com\/eu\/wp-json\/wp\/v2\/types\/post"}],"author":[{"embeddable":true,"href":"https:\/\/www.policlinicagipuzkoa.com\/eu\/wp-json\/wp\/v2\/users\/5"}],"replies":[{"embeddable":true,"href":"https:\/\/www.policlinicagipuzkoa.com\/eu\/wp-json\/wp\/v2\/comments?post=178742"}],"version-history":[{"count":1,"href":"https:\/\/www.policlinicagipuzkoa.com\/eu\/wp-json\/wp\/v2\/posts\/178742\/revisions"}],"predecessor-version":[{"id":178745,"href":"https:\/\/www.policlinicagipuzkoa.com\/eu\/wp-json\/wp\/v2\/posts\/178742\/revisions\/178745"}],"wp:featuredmedia":[{"embeddable":true,"href":"https:\/\/www.policlinicagipuzkoa.com\/eu\/wp-json\/wp\/v2\/media\/178743"}],"wp:attachment":[{"href":"https:\/\/www.policlinicagipuzkoa.com\/eu\/wp-json\/wp\/v2\/media?parent=178742"}],"wp:term":[{"taxonomy":"category","embeddable":true,"href":"https:\/\/www.policlinicagipuzkoa.com\/eu\/wp-json\/wp\/v2\/categories?post=178742"},{"taxonomy":"post_tag","embeddable":true,"href":"https:\/\/www.policlinicagipuzkoa.com\/eu\/wp-json\/wp\/v2\/tags?post=178742"}],"curies":[{"name":"wp","href":"https:\/\/api.w.org\/{rel}","templated":true}]}}