{"id":144305,"date":"2024-10-09T09:31:39","date_gmt":"2024-10-09T07:31:39","guid":{"rendered":"https:\/\/www.policlinicagipuzkoa.com\/?p=144305"},"modified":"2024-10-09T12:09:04","modified_gmt":"2024-10-09T10:09:04","slug":"45-eta-55-urte-bitarteko-10-pertsonetatik-9k-kafea-edaten-dute-eta-horrek-eragina-izan-dezake-digestio-osasunean","status":"publish","type":"post","link":"https:\/\/www.policlinicagipuzkoa.com\/eu\/berriak\/45-eta-55-urte-bitarteko-10-pertsonetatik-9k-kafea-edaten-dute-eta-horrek-eragina-izan-dezake-digestio-osasunean\/","title":{"rendered":"\u201c45 eta 55 urte bitarteko 10 pertsonetatik 9k kafea edaten dute, eta horrek eragina izan dezake digestio-osasunean\u201d"},"content":{"rendered":"\n<p><strong>Julyssa Cobian, Policl\u00ednica Gipuzkoako Digestio Aparatuko mediku espezialistak azaldu duenez, &#8220;digestio aparatua da kafeari aurre egiten dion lehena. Irensten dugunean, jariaketa gastrikoa areagotu dezake, eta esfinterra erlaxatu, esofagoa urdailarekin konektatzeko &#8220;<\/strong><\/p>\n\n\n\n<!--more-->\n\n\n\n<p>Kafea munduan gehien kontsumitzen den edarietako bat da eta osasunean duen eragina, batez ere digestio-aparatuan, esanguratsua da. Julyssa Cobian Policl\u00ednica Gipuzkoako Digestio Aparatuko mediku espezialistak kafe-kontsumoari eta digestio-aparatuarekin duen harremanari buruzko funtsezko informazioa partekatu du.<\/p>\n\n\n\n<p><br>&#8220;Adinean aurrera egin ahala, egia da kafe gehiago kontsumitzen dugula&#8221;, azaldu du espezialistak: <strong>&#8220;45 eta 55 urte bitarteko hamar pertsonatik bederatzik kafea edaten dute, eta horrek eragina izan dezake haien digestio-osasunean. Pixkanaka kontsumoa handitzen doan edari bat da. Gazteen kasuan, adibidez, 35 urtetik beherakoen kasuan, 4 pertsonatik 3k kafea ohiko moduan kontsumitzen dute &#8220;.<\/strong><\/p>\n\n\n\n<p><br>Kafeak organismoan duen eraginari dagokionez, Cobianek azaldu du <strong>&#8220;digestio-aparatua kafeari aurre egiten dion lehena dela. Irensten dugunean, jariaketa gastrikoa areagotu dezake, eta esfinterra erlaxatu, esofagoa urdailarekin konektatzeko.<\/strong> Erlaxazioa gerta daiteke, eta errefluxua duten pazienteetan areagotu egin daiteke azidotasun- edo sutze-sentsazio hori &#8220;. Bestalde, gaineratu duenez, <strong>&#8220;kafeak heste-mugimendua areagotu dezake, eta horrek okerrera egin lezake beherakoa duten pazienteen klinikan&#8221;.<\/strong> Gainera, kafeak mikrobiotan aldaketak eragin ditzakeela zehaztu du: &#8220;Bakterio onuragarri batzuk, hala nola bifidobakterioak edo laktobaziloak, kafearen neurrizko kontsumoarekin handitu daitezkeela ikusi da&#8221;.<br>Espezialistaren arabera, gomendatutako kafe kopurua egunean 3 edo 4 katilukoa da, hau da, 300-400 mg kafeina inguru. Hala ere, pertsona bakoitzak tolerantzia indibiduala du.<\/p>\n\n\n\n<p><br>Digestio-arazoak dituztenentzat, Kobianek gomendatzen du <strong>&#8220;kafearen kontsumoa murriztea eta, sintomek jarraitzen badute, kafe deskafeinatua edo esnea edo landare-edariak gehitzea&#8221;: <\/strong>&#8220;Batzuetan, <strong>prestaketa hotzak askoz hobeto onartzen dira.<\/strong> Kafeina onartzen ez dutenentzat, kafeina izan gabe kafearen zaporea simulatzen duten zereal-kafeak daude &#8220;.<\/p>\n\n\n\n<p><br><strong>Zeliakia<\/strong><\/p>\n\n\n\n<p><br>Zeliakia kafearekin lotutako beste gai garrantzitsu bat da. Julyssa Cobian digestio-aparatuko adituak azaldu duenez, <strong>&#8220;kafeak ez du glutenik bere egoera naturalean. Beste osagai batzuk gehitzen direnean sortzen da arazoa. Funtsezkoa da etiketan &#8220;glutenik gabe&#8221; jartzen duen ikustea.<\/strong><\/p>\n\n\n\n<p><br>Gainera, azpimarratu du zeliakiari susma diezaioketen sintomak abdomeneko mina, heste-erritmoko alterazioak, nekea eta anemia direla, besteak beste. <strong>&#8220;Garrantzitsua da zeliakia garaiz diagnostikatzea, pazientearen bizi-kalitatea hobetzeko eta etorkizunean konplikazioak prebenitzeko. <\/strong>Glutenarekiko esposizio jarraituak kalteak eragin ditzake hesteetan, eta horrek arazo larriagoak eragin ditzake epe luzera &#8220;, gaineratu du.<\/p>\n\n\n\n<p><br>Glutenik gabeko dieta egokia eraman nahi dutenentzat, zeliakoen elkarteetan (Euskadiko Zeliakoen Elkartean, adibidez) laguntza bilatzea aholkatzen du espezialistak, eta etxean sukaldean aritzea kutsadura gurutzatua saihesteko: <strong>&#8220;Osagai berriekin ohitzea eta janaria etxean prestatzea lagungarria da gaixotasuna kontrolatzeko&#8221;.<\/strong><\/p>\n\n\n\n<figure class=\"wp-block-embed is-type-video is-provider-youtube wp-block-embed-youtube wp-embed-aspect-16-9 wp-has-aspect-ratio\"><div class=\"wp-block-embed__wrapper\">\n<iframe loading=\"lazy\" title=\"Dra. Julyssa Cobian en Onda Cero. D\u00eda Internacional del Caf\u00e9, y hablamos tambi\u00e9n de la celiaqu\u00eda.\" width=\"500\" height=\"281\" src=\"https:\/\/www.youtube.com\/embed\/-ICjYQANl20?feature=oembed\" frameborder=\"0\" allow=\"accelerometer; autoplay; clipboard-write; encrypted-media; gyroscope; picture-in-picture; web-share\" referrerpolicy=\"strict-origin-when-cross-origin\" allowfullscreen><\/iframe>\n<\/div><\/figure>\n","protected":false},"excerpt":{"rendered":"","protected":false},"author":5,"featured_media":144329,"comment_status":"closed","ping_status":"closed","sticky":true,"template":"","format":"standard","meta":{"_acf_changed":false,"footnotes":""},"categories":[378,4070,1],"tags":[],"class_list":["post-144305","post","type-post","status-publish","format-standard","has-post-thumbnail","hentry","category-aparatu-degestiboa-eu","category-digestio-gaixotasunen-unitatea","category-sin-categoria"],"acf":[],"yoast_head":"<!-- This site is optimized with the Yoast SEO plugin v27.2 - https:\/\/yoast.com\/product\/yoast-seo-wordpress\/ -->\n<title>\u201c45 eta 55 urte bitarteko 10 pertsonetatik 9k kafea edaten dute, eta horrek eragina izan dezake digestio-osasunean\u201d - Policl\u00ednica Gipuzkoa<\/title>\n<meta name=\"robots\" content=\"index, follow, max-snippet:-1, max-image-preview:large, max-video-preview:-1\" \/>\n<link rel=\"canonical\" href=\"https:\/\/www.policlinicagipuzkoa.com\/eu\/berriak\/45-eta-55-urte-bitarteko-10-pertsonetatik-9k-kafea-edaten-dute-eta-horrek-eragina-izan-dezake-digestio-osasunean\/\" \/>\n<meta property=\"og:locale\" content=\"en_US\" \/>\n<meta property=\"og:type\" content=\"article\" \/>\n<meta property=\"og:title\" content=\"\u201c45 eta 55 urte bitarteko 10 pertsonetatik 9k kafea edaten dute, eta horrek eragina izan dezake digestio-osasunean\u201d - Policl\u00ednica Gipuzkoa\" \/>\n<meta property=\"og:url\" content=\"https:\/\/www.policlinicagipuzkoa.com\/eu\/berriak\/45-eta-55-urte-bitarteko-10-pertsonetatik-9k-kafea-edaten-dute-eta-horrek-eragina-izan-dezake-digestio-osasunean\/\" \/>\n<meta property=\"og:site_name\" content=\"Policl\u00ednica Gipuzkoa\" \/>\n<meta property=\"article:publisher\" content=\"https:\/\/www.facebook.com\/policlinicagipuzkoa\" \/>\n<meta property=\"article:published_time\" content=\"2024-10-09T07:31:39+00:00\" \/>\n<meta property=\"article:modified_time\" content=\"2024-10-09T10:09:04+00:00\" \/>\n<meta property=\"og:image\" content=\"https:\/\/www.policlinicagipuzkoa.com\/wp-content\/uploads\/2024\/10\/Material-Behobia-SS-Remitente-Policlinica-Gipuzkoa-comunicacion-Receptor-CD-Fortuna-Pio-Baroja-pasealekua-473-scaled.jpg\" \/>\n\t<meta property=\"og:image:width\" content=\"2560\" \/>\n\t<meta property=\"og:image:height\" content=\"1810\" \/>\n\t<meta property=\"og:image:type\" content=\"image\/jpeg\" \/>\n<meta name=\"author\" content=\"Policl\u00ednica Gipuzkoa\" \/>\n<meta name=\"twitter:card\" content=\"summary_large_image\" \/>\n<meta name=\"twitter:creator\" content=\"@PolicliGipuzkoa\" \/>\n<meta name=\"twitter:site\" content=\"@PolicliGipuzkoa\" \/>\n<meta name=\"twitter:label1\" content=\"Written by\" \/>\n\t<meta name=\"twitter:data1\" content=\"Policl\u00ednica Gipuzkoa\" \/>\n\t<meta name=\"twitter:label2\" content=\"Est. reading time\" \/>\n\t<meta name=\"twitter:data2\" content=\"2 minutua\" \/>\n<script type=\"application\/ld+json\" class=\"yoast-schema-graph\">{\"@context\":\"https:\/\/schema.org\",\"@graph\":[{\"@type\":\"Article\",\"@id\":\"https:\/\/www.policlinicagipuzkoa.com\/eu\/berriak\/45-eta-55-urte-bitarteko-10-pertsonetatik-9k-kafea-edaten-dute-eta-horrek-eragina-izan-dezake-digestio-osasunean\/#article\",\"isPartOf\":{\"@id\":\"https:\/\/www.policlinicagipuzkoa.com\/eu\/berriak\/45-eta-55-urte-bitarteko-10-pertsonetatik-9k-kafea-edaten-dute-eta-horrek-eragina-izan-dezake-digestio-osasunean\/\"},\"author\":{\"name\":\"Policl\u00ednica Gipuzkoa\",\"@id\":\"https:\/\/www.policlinicagipuzkoa.com\/eu\/#\/schema\/person\/5963e1198f477f460d3c16a92318f832\"},\"headline\":\"\u201c45 eta 55 urte bitarteko 10 pertsonetatik 9k kafea edaten dute, eta horrek eragina izan dezake digestio-osasunean\u201d\",\"datePublished\":\"2024-10-09T07:31:39+00:00\",\"dateModified\":\"2024-10-09T10:09:04+00:00\",\"mainEntityOfPage\":{\"@id\":\"https:\/\/www.policlinicagipuzkoa.com\/eu\/berriak\/45-eta-55-urte-bitarteko-10-pertsonetatik-9k-kafea-edaten-dute-eta-horrek-eragina-izan-dezake-digestio-osasunean\/\"},\"wordCount\":398,\"publisher\":{\"@id\":\"https:\/\/www.policlinicagipuzkoa.com\/eu\/#organization\"},\"image\":{\"@id\":\"https:\/\/www.policlinicagipuzkoa.com\/eu\/berriak\/45-eta-55-urte-bitarteko-10-pertsonetatik-9k-kafea-edaten-dute-eta-horrek-eragina-izan-dezake-digestio-osasunean\/#primaryimage\"},\"thumbnailUrl\":\"https:\/\/www.policlinicagipuzkoa.com\/wp-content\/uploads\/2024\/10\/Material-Behobia-SS-Remitente-Policlinica-Gipuzkoa-comunicacion-Receptor-CD-Fortuna-Pio-Baroja-pasealekua-473-scaled.jpg\",\"articleSection\":[\"Aparatu Digestiboa\",\"Digestio Gaixotasunen Unitatea\",\"Sin categor\u00eda\"],\"inLanguage\":\"eu\"},{\"@type\":\"WebPage\",\"@id\":\"https:\/\/www.policlinicagipuzkoa.com\/eu\/berriak\/45-eta-55-urte-bitarteko-10-pertsonetatik-9k-kafea-edaten-dute-eta-horrek-eragina-izan-dezake-digestio-osasunean\/\",\"url\":\"https:\/\/www.policlinicagipuzkoa.com\/eu\/berriak\/45-eta-55-urte-bitarteko-10-pertsonetatik-9k-kafea-edaten-dute-eta-horrek-eragina-izan-dezake-digestio-osasunean\/\",\"name\":\"\u201c45 eta 55 urte bitarteko 10 pertsonetatik 9k kafea edaten dute, eta horrek eragina izan dezake digestio-osasunean\u201d - Policl\u00ednica Gipuzkoa\",\"isPartOf\":{\"@id\":\"https:\/\/www.policlinicagipuzkoa.com\/eu\/#website\"},\"primaryImageOfPage\":{\"@id\":\"https:\/\/www.policlinicagipuzkoa.com\/eu\/berriak\/45-eta-55-urte-bitarteko-10-pertsonetatik-9k-kafea-edaten-dute-eta-horrek-eragina-izan-dezake-digestio-osasunean\/#primaryimage\"},\"image\":{\"@id\":\"https:\/\/www.policlinicagipuzkoa.com\/eu\/berriak\/45-eta-55-urte-bitarteko-10-pertsonetatik-9k-kafea-edaten-dute-eta-horrek-eragina-izan-dezake-digestio-osasunean\/#primaryimage\"},\"thumbnailUrl\":\"https:\/\/www.policlinicagipuzkoa.com\/wp-content\/uploads\/2024\/10\/Material-Behobia-SS-Remitente-Policlinica-Gipuzkoa-comunicacion-Receptor-CD-Fortuna-Pio-Baroja-pasealekua-473-scaled.jpg\",\"datePublished\":\"2024-10-09T07:31:39+00:00\",\"dateModified\":\"2024-10-09T10:09:04+00:00\",\"breadcrumb\":{\"@id\":\"https:\/\/www.policlinicagipuzkoa.com\/eu\/berriak\/45-eta-55-urte-bitarteko-10-pertsonetatik-9k-kafea-edaten-dute-eta-horrek-eragina-izan-dezake-digestio-osasunean\/#breadcrumb\"},\"inLanguage\":\"eu\",\"potentialAction\":[{\"@type\":\"ReadAction\",\"target\":[\"https:\/\/www.policlinicagipuzkoa.com\/eu\/berriak\/45-eta-55-urte-bitarteko-10-pertsonetatik-9k-kafea-edaten-dute-eta-horrek-eragina-izan-dezake-digestio-osasunean\/\"]}]},{\"@type\":\"ImageObject\",\"inLanguage\":\"eu\",\"@id\":\"https:\/\/www.policlinicagipuzkoa.com\/eu\/berriak\/45-eta-55-urte-bitarteko-10-pertsonetatik-9k-kafea-edaten-dute-eta-horrek-eragina-izan-dezake-digestio-osasunean\/#primaryimage\",\"url\":\"https:\/\/www.policlinicagipuzkoa.com\/wp-content\/uploads\/2024\/10\/Material-Behobia-SS-Remitente-Policlinica-Gipuzkoa-comunicacion-Receptor-CD-Fortuna-Pio-Baroja-pasealekua-473-scaled.jpg\",\"contentUrl\":\"https:\/\/www.policlinicagipuzkoa.com\/wp-content\/uploads\/2024\/10\/Material-Behobia-SS-Remitente-Policlinica-Gipuzkoa-comunicacion-Receptor-CD-Fortuna-Pio-Baroja-pasealekua-473-scaled.jpg\",\"width\":2560,\"height\":1810},{\"@type\":\"BreadcrumbList\",\"@id\":\"https:\/\/www.policlinicagipuzkoa.com\/eu\/berriak\/45-eta-55-urte-bitarteko-10-pertsonetatik-9k-kafea-edaten-dute-eta-horrek-eragina-izan-dezake-digestio-osasunean\/#breadcrumb\",\"itemListElement\":[{\"@type\":\"ListItem\",\"position\":1,\"name\":\"Portada\",\"item\":\"https:\/\/www.policlinicagipuzkoa.com\/eu\/\"},{\"@type\":\"ListItem\",\"position\":2,\"name\":\"\u201c45 eta 55 urte bitarteko 10 pertsonetatik 9k kafea edaten dute, eta horrek eragina izan dezake digestio-osasunean\u201d\"}]},{\"@type\":\"WebSite\",\"@id\":\"https:\/\/www.policlinicagipuzkoa.com\/eu\/#website\",\"url\":\"https:\/\/www.policlinicagipuzkoa.com\/eu\/\",\"name\":\"Policl\u00ednica Gipuzkoa\",\"description\":\"\",\"publisher\":{\"@id\":\"https:\/\/www.policlinicagipuzkoa.com\/eu\/#organization\"},\"potentialAction\":[{\"@type\":\"SearchAction\",\"target\":{\"@type\":\"EntryPoint\",\"urlTemplate\":\"https:\/\/www.policlinicagipuzkoa.com\/eu\/?s={search_term_string}\"},\"query-input\":{\"@type\":\"PropertyValueSpecification\",\"valueRequired\":true,\"valueName\":\"search_term_string\"}}],\"inLanguage\":\"eu\"},{\"@type\":\"Organization\",\"@id\":\"https:\/\/www.policlinicagipuzkoa.com\/eu\/#organization\",\"name\":\"Policl\u00ednica Gipuzkoa\",\"url\":\"https:\/\/www.policlinicagipuzkoa.com\/eu\/\",\"logo\":{\"@type\":\"ImageObject\",\"inLanguage\":\"eu\",\"@id\":\"https:\/\/www.policlinicagipuzkoa.com\/eu\/#\/schema\/logo\/image\/\",\"url\":\"https:\/\/www.policlinicagipuzkoa.com\/wp-content\/uploads\/2016\/12\/FotoLogoPG.jpg\",\"contentUrl\":\"https:\/\/www.policlinicagipuzkoa.com\/wp-content\/uploads\/2016\/12\/FotoLogoPG.jpg\",\"width\":1600,\"height\":800,\"caption\":\"Policl\u00ednica Gipuzkoa\"},\"image\":{\"@id\":\"https:\/\/www.policlinicagipuzkoa.com\/eu\/#\/schema\/logo\/image\/\"},\"sameAs\":[\"https:\/\/www.facebook.com\/policlinicagipuzkoa\",\"https:\/\/x.com\/PolicliGipuzkoa\",\"https:\/\/instagram.com\/policlinicagipuzkoa\/\",\"https:\/\/es.linkedin.com\/company\/policlinica-gipuzkoa\",\"https:\/\/www.youtube.com\/user\/POLICLINICAGIPUZKOA\"]},{\"@type\":\"Person\",\"@id\":\"https:\/\/www.policlinicagipuzkoa.com\/eu\/#\/schema\/person\/5963e1198f477f460d3c16a92318f832\",\"name\":\"Policl\u00ednica Gipuzkoa\"}]}<\/script>\n<!-- \/ Yoast SEO plugin. -->","yoast_head_json":{"title":"\u201c45 eta 55 urte bitarteko 10 pertsonetatik 9k kafea edaten dute, eta horrek eragina izan dezake digestio-osasunean\u201d - Policl\u00ednica Gipuzkoa","robots":{"index":"index","follow":"follow","max-snippet":"max-snippet:-1","max-image-preview":"max-image-preview:large","max-video-preview":"max-video-preview:-1"},"canonical":"https:\/\/www.policlinicagipuzkoa.com\/eu\/berriak\/45-eta-55-urte-bitarteko-10-pertsonetatik-9k-kafea-edaten-dute-eta-horrek-eragina-izan-dezake-digestio-osasunean\/","og_locale":"en_US","og_type":"article","og_title":"\u201c45 eta 55 urte bitarteko 10 pertsonetatik 9k kafea edaten dute, eta horrek eragina izan dezake digestio-osasunean\u201d - Policl\u00ednica Gipuzkoa","og_url":"https:\/\/www.policlinicagipuzkoa.com\/eu\/berriak\/45-eta-55-urte-bitarteko-10-pertsonetatik-9k-kafea-edaten-dute-eta-horrek-eragina-izan-dezake-digestio-osasunean\/","og_site_name":"Policl\u00ednica Gipuzkoa","article_publisher":"https:\/\/www.facebook.com\/policlinicagipuzkoa","article_published_time":"2024-10-09T07:31:39+00:00","article_modified_time":"2024-10-09T10:09:04+00:00","og_image":[{"width":2560,"height":1810,"url":"https:\/\/www.policlinicagipuzkoa.com\/wp-content\/uploads\/2024\/10\/Material-Behobia-SS-Remitente-Policlinica-Gipuzkoa-comunicacion-Receptor-CD-Fortuna-Pio-Baroja-pasealekua-473-scaled.jpg","type":"image\/jpeg"}],"author":"Policl\u00ednica Gipuzkoa","twitter_card":"summary_large_image","twitter_creator":"@PolicliGipuzkoa","twitter_site":"@PolicliGipuzkoa","twitter_misc":{"Written by":"Policl\u00ednica Gipuzkoa","Est. reading time":"2 minutua"},"schema":{"@context":"https:\/\/schema.org","@graph":[{"@type":"Article","@id":"https:\/\/www.policlinicagipuzkoa.com\/eu\/berriak\/45-eta-55-urte-bitarteko-10-pertsonetatik-9k-kafea-edaten-dute-eta-horrek-eragina-izan-dezake-digestio-osasunean\/#article","isPartOf":{"@id":"https:\/\/www.policlinicagipuzkoa.com\/eu\/berriak\/45-eta-55-urte-bitarteko-10-pertsonetatik-9k-kafea-edaten-dute-eta-horrek-eragina-izan-dezake-digestio-osasunean\/"},"author":{"name":"Policl\u00ednica Gipuzkoa","@id":"https:\/\/www.policlinicagipuzkoa.com\/eu\/#\/schema\/person\/5963e1198f477f460d3c16a92318f832"},"headline":"\u201c45 eta 55 urte bitarteko 10 pertsonetatik 9k kafea edaten dute, eta horrek eragina izan dezake digestio-osasunean\u201d","datePublished":"2024-10-09T07:31:39+00:00","dateModified":"2024-10-09T10:09:04+00:00","mainEntityOfPage":{"@id":"https:\/\/www.policlinicagipuzkoa.com\/eu\/berriak\/45-eta-55-urte-bitarteko-10-pertsonetatik-9k-kafea-edaten-dute-eta-horrek-eragina-izan-dezake-digestio-osasunean\/"},"wordCount":398,"publisher":{"@id":"https:\/\/www.policlinicagipuzkoa.com\/eu\/#organization"},"image":{"@id":"https:\/\/www.policlinicagipuzkoa.com\/eu\/berriak\/45-eta-55-urte-bitarteko-10-pertsonetatik-9k-kafea-edaten-dute-eta-horrek-eragina-izan-dezake-digestio-osasunean\/#primaryimage"},"thumbnailUrl":"https:\/\/www.policlinicagipuzkoa.com\/wp-content\/uploads\/2024\/10\/Material-Behobia-SS-Remitente-Policlinica-Gipuzkoa-comunicacion-Receptor-CD-Fortuna-Pio-Baroja-pasealekua-473-scaled.jpg","articleSection":["Aparatu Digestiboa","Digestio Gaixotasunen Unitatea","Sin categor\u00eda"],"inLanguage":"eu"},{"@type":"WebPage","@id":"https:\/\/www.policlinicagipuzkoa.com\/eu\/berriak\/45-eta-55-urte-bitarteko-10-pertsonetatik-9k-kafea-edaten-dute-eta-horrek-eragina-izan-dezake-digestio-osasunean\/","url":"https:\/\/www.policlinicagipuzkoa.com\/eu\/berriak\/45-eta-55-urte-bitarteko-10-pertsonetatik-9k-kafea-edaten-dute-eta-horrek-eragina-izan-dezake-digestio-osasunean\/","name":"\u201c45 eta 55 urte bitarteko 10 pertsonetatik 9k kafea edaten dute, eta horrek eragina izan dezake digestio-osasunean\u201d - Policl\u00ednica Gipuzkoa","isPartOf":{"@id":"https:\/\/www.policlinicagipuzkoa.com\/eu\/#website"},"primaryImageOfPage":{"@id":"https:\/\/www.policlinicagipuzkoa.com\/eu\/berriak\/45-eta-55-urte-bitarteko-10-pertsonetatik-9k-kafea-edaten-dute-eta-horrek-eragina-izan-dezake-digestio-osasunean\/#primaryimage"},"image":{"@id":"https:\/\/www.policlinicagipuzkoa.com\/eu\/berriak\/45-eta-55-urte-bitarteko-10-pertsonetatik-9k-kafea-edaten-dute-eta-horrek-eragina-izan-dezake-digestio-osasunean\/#primaryimage"},"thumbnailUrl":"https:\/\/www.policlinicagipuzkoa.com\/wp-content\/uploads\/2024\/10\/Material-Behobia-SS-Remitente-Policlinica-Gipuzkoa-comunicacion-Receptor-CD-Fortuna-Pio-Baroja-pasealekua-473-scaled.jpg","datePublished":"2024-10-09T07:31:39+00:00","dateModified":"2024-10-09T10:09:04+00:00","breadcrumb":{"@id":"https:\/\/www.policlinicagipuzkoa.com\/eu\/berriak\/45-eta-55-urte-bitarteko-10-pertsonetatik-9k-kafea-edaten-dute-eta-horrek-eragina-izan-dezake-digestio-osasunean\/#breadcrumb"},"inLanguage":"eu","potentialAction":[{"@type":"ReadAction","target":["https:\/\/www.policlinicagipuzkoa.com\/eu\/berriak\/45-eta-55-urte-bitarteko-10-pertsonetatik-9k-kafea-edaten-dute-eta-horrek-eragina-izan-dezake-digestio-osasunean\/"]}]},{"@type":"ImageObject","inLanguage":"eu","@id":"https:\/\/www.policlinicagipuzkoa.com\/eu\/berriak\/45-eta-55-urte-bitarteko-10-pertsonetatik-9k-kafea-edaten-dute-eta-horrek-eragina-izan-dezake-digestio-osasunean\/#primaryimage","url":"https:\/\/www.policlinicagipuzkoa.com\/wp-content\/uploads\/2024\/10\/Material-Behobia-SS-Remitente-Policlinica-Gipuzkoa-comunicacion-Receptor-CD-Fortuna-Pio-Baroja-pasealekua-473-scaled.jpg","contentUrl":"https:\/\/www.policlinicagipuzkoa.com\/wp-content\/uploads\/2024\/10\/Material-Behobia-SS-Remitente-Policlinica-Gipuzkoa-comunicacion-Receptor-CD-Fortuna-Pio-Baroja-pasealekua-473-scaled.jpg","width":2560,"height":1810},{"@type":"BreadcrumbList","@id":"https:\/\/www.policlinicagipuzkoa.com\/eu\/berriak\/45-eta-55-urte-bitarteko-10-pertsonetatik-9k-kafea-edaten-dute-eta-horrek-eragina-izan-dezake-digestio-osasunean\/#breadcrumb","itemListElement":[{"@type":"ListItem","position":1,"name":"Portada","item":"https:\/\/www.policlinicagipuzkoa.com\/eu\/"},{"@type":"ListItem","position":2,"name":"\u201c45 eta 55 urte bitarteko 10 pertsonetatik 9k kafea edaten dute, eta horrek eragina izan dezake digestio-osasunean\u201d"}]},{"@type":"WebSite","@id":"https:\/\/www.policlinicagipuzkoa.com\/eu\/#website","url":"https:\/\/www.policlinicagipuzkoa.com\/eu\/","name":"Policl\u00ednica Gipuzkoa","description":"","publisher":{"@id":"https:\/\/www.policlinicagipuzkoa.com\/eu\/#organization"},"potentialAction":[{"@type":"SearchAction","target":{"@type":"EntryPoint","urlTemplate":"https:\/\/www.policlinicagipuzkoa.com\/eu\/?s={search_term_string}"},"query-input":{"@type":"PropertyValueSpecification","valueRequired":true,"valueName":"search_term_string"}}],"inLanguage":"eu"},{"@type":"Organization","@id":"https:\/\/www.policlinicagipuzkoa.com\/eu\/#organization","name":"Policl\u00ednica Gipuzkoa","url":"https:\/\/www.policlinicagipuzkoa.com\/eu\/","logo":{"@type":"ImageObject","inLanguage":"eu","@id":"https:\/\/www.policlinicagipuzkoa.com\/eu\/#\/schema\/logo\/image\/","url":"https:\/\/www.policlinicagipuzkoa.com\/wp-content\/uploads\/2016\/12\/FotoLogoPG.jpg","contentUrl":"https:\/\/www.policlinicagipuzkoa.com\/wp-content\/uploads\/2016\/12\/FotoLogoPG.jpg","width":1600,"height":800,"caption":"Policl\u00ednica Gipuzkoa"},"image":{"@id":"https:\/\/www.policlinicagipuzkoa.com\/eu\/#\/schema\/logo\/image\/"},"sameAs":["https:\/\/www.facebook.com\/policlinicagipuzkoa","https:\/\/x.com\/PolicliGipuzkoa","https:\/\/instagram.com\/policlinicagipuzkoa\/","https:\/\/es.linkedin.com\/company\/policlinica-gipuzkoa","https:\/\/www.youtube.com\/user\/POLICLINICAGIPUZKOA"]},{"@type":"Person","@id":"https:\/\/www.policlinicagipuzkoa.com\/eu\/#\/schema\/person\/5963e1198f477f460d3c16a92318f832","name":"Policl\u00ednica Gipuzkoa"}]}},"_links":{"self":[{"href":"https:\/\/www.policlinicagipuzkoa.com\/eu\/wp-json\/wp\/v2\/posts\/144305","targetHints":{"allow":["GET"]}}],"collection":[{"href":"https:\/\/www.policlinicagipuzkoa.com\/eu\/wp-json\/wp\/v2\/posts"}],"about":[{"href":"https:\/\/www.policlinicagipuzkoa.com\/eu\/wp-json\/wp\/v2\/types\/post"}],"author":[{"embeddable":true,"href":"https:\/\/www.policlinicagipuzkoa.com\/eu\/wp-json\/wp\/v2\/users\/5"}],"replies":[{"embeddable":true,"href":"https:\/\/www.policlinicagipuzkoa.com\/eu\/wp-json\/wp\/v2\/comments?post=144305"}],"version-history":[{"count":1,"href":"https:\/\/www.policlinicagipuzkoa.com\/eu\/wp-json\/wp\/v2\/posts\/144305\/revisions"}],"predecessor-version":[{"id":144306,"href":"https:\/\/www.policlinicagipuzkoa.com\/eu\/wp-json\/wp\/v2\/posts\/144305\/revisions\/144306"}],"wp:featuredmedia":[{"embeddable":true,"href":"https:\/\/www.policlinicagipuzkoa.com\/eu\/wp-json\/wp\/v2\/media\/144329"}],"wp:attachment":[{"href":"https:\/\/www.policlinicagipuzkoa.com\/eu\/wp-json\/wp\/v2\/media?parent=144305"}],"wp:term":[{"taxonomy":"category","embeddable":true,"href":"https:\/\/www.policlinicagipuzkoa.com\/eu\/wp-json\/wp\/v2\/categories?post=144305"},{"taxonomy":"post_tag","embeddable":true,"href":"https:\/\/www.policlinicagipuzkoa.com\/eu\/wp-json\/wp\/v2\/tags?post=144305"}],"curies":[{"name":"wp","href":"https:\/\/api.w.org\/{rel}","templated":true}]}}