{"id":110989,"date":"2023-06-28T12:10:46","date_gmt":"2023-06-28T10:10:46","guid":{"rendered":"https:\/\/www.policlinicagipuzkoa.com\/?p=110989"},"modified":"2023-06-28T13:20:57","modified_gmt":"2023-06-28T11:20:57","slug":"eneko-goia-donostiako-alkateak-poliklinika-gipuzkoako-larrialdi-berriak-inauguratu-ditu","status":"publish","type":"post","link":"https:\/\/www.policlinicagipuzkoa.com\/eu\/berriak\/eneko-goia-donostiako-alkateak-poliklinika-gipuzkoako-larrialdi-berriak-inauguratu-ditu\/","title":{"rendered":"\u00a0Eneko Goia Donostiako alkateak Poliklinika Gipuzkoako larrialdi berriak inauguratu ditu"},"content":{"rendered":"\n<p><strong>Poliklinika Gipuzkoak 24 orduko LARRIALDI Orokorren eta Pediatrikoen zerbitzu instalazioak zabaldu eta hobetu ditu. \u00a0<\/strong><\/p>\n\n\n\n<!--more-->\n\n\n\n<p>Eneko Goia Donostiako alkateak, Poliklinika Gipuzkoako 24 orduko Larrialdi zerbitzu berria inauguratu eta bertako instalazioak bisitatu ditu gaur goizean, azken urtean egindako obren ondoren, eremu berriko espazio eta zerbitzuak ezagutzeko.<\/p>\n\n\n\n<p>Bisitan, Eneko Goia alkateak, Poliklinika Gipuzkoako larrialdi berrien guneak zeharkatu ditu, Quir\u00f3nsalud Gipuzkoako zuzendari gerente Oscar Paulekin eta zuzendari mediko Sonia Rousselekin batera. Quir\u00f3nsalud taldeko zuzendaritza korporatiboko beste kide batzuekin batera.<\/p>\n\n\n\n<p>Eneko Goia Donostiako alkatearen hitzetan, \u201cPoliklinika Gipuzkoa eta Quir\u00f3nsalud zoriondu behar dira, larrialdi horiek bikain ikusten direlako, osasun-eskaintza hobetzen dutelako eta herritarrei eta Lurraldeari zerbitzu hobea ematen dietelako, eta zalantzarik gabe pozteko arrazoia delako hiriarentzat.<\/p>\n\n\n\n<p>Larrialdi berriak aurtengo uztailean jarriko dira martxan, eta pazienteak hartzeko eta triaje-eremura bideratzeko eremu zabal bat hartzen dute, pediatriako zonan eta eremu orokorrean banatuta. Mila metro karratu baino gehiago ditu, eta, gainera, kirurgia-gune bat du sendaketak egiteko eta larrialdietan arreta emateko, bai eta behaketa-eremu zabal bat ere, banakako 6 boxekin.<\/p>\n\n\n\n<p>Inaugurazioan izan dira, gainera, Osasuneko lurralde-zuzendari Juan Manuel Sanzo, Donostia Unibertsitate Ospitaleko zuzendari gerente Agust\u00edn Agirre eta zuzendari mediko Sara Ar\u00e9valo, hurrenez hurren; Gipuzkoako Sendagileen Elkargo Ofizialeko lehendakari Carmen Sol\u00f3rzano eta Gipuzkoako Erizainen Elkargo Ofizialeko lehendakari Pilar Lekuona.<\/p>\n\n\n\n<p><strong>Larrialdi orokorren eta pediatrikoen nabarmenena<\/strong><\/p>\n\n\n\n<p>Oscar Paul Poliklinika Gipuzkoako zuzendari gerentearen hitzetan, \u201cPoliklinika Gipuzkoako Larrialdi berriek Gipuzkoako gizartearekin dugun konpromiso argiari erantzun nahi diote, hurbileko, eskuragarriko eta kalitate handieneko osasun-erantzuna eskaintzeko, pazientearen arazoa azkar konpontzeko behar den guztiarekin\u201d.<\/p>\n\n\n\n<p>Quir\u00f3nsalud Gipuzkoako zuzendari mediko Sonia Rousselek nabarmendu duenez, instalazio berriek azken teknologia dute edozein larrialdi mediko mota artatzeko, orokorra zein pediatrikoa, urteko egun guztietako 24 orduetan. Eta gaineratu du harro gaudela gure paziente guztiei laguntza arina, humanizatua eta eraginkorra eskaini ahal izateaz. Badakigu gure paziente guztiek zerbitzu globala emateko dugun erantzukizuna, patologia eta larritasun-maila guztiak barne hartzen dituena, horretarako prestatutako profesional bikainak edukiz. Larrialdietako zerbitzu berri honetan, paziente helduaren eta pediatriako pazientearen arteko tratua bereizten dugu hasiera-hasieratik, asistentzia-zirkuituak erabat bereiziz. Gainera, gure Quir\u00f3nsalud ospitale-taldeko ospitale askotan eskuragarri dagoen teknologia guztia sartu dugu, pazienteei itxaronaldiak saihesteko eta gure ospitale digitalaren zerbitzura sartzeko aukera hautatuta eskainiz. Eremu zabalago batean konfiantza dugu, gure pazienteen esperientzia hobetzeko haien egonaldian.<\/p>\n","protected":false},"excerpt":{"rendered":"","protected":false},"author":5,"featured_media":110995,"comment_status":"closed","ping_status":"closed","sticky":true,"template":"","format":"standard","meta":{"_acf_changed":false,"footnotes":""},"categories":[330],"tags":[3707],"class_list":["post-110989","post","type-post","status-publish","format-standard","has-post-thumbnail","hentry","category-urgentziak-eu","tag-urgencias-2"],"acf":[],"yoast_head":"<!-- This site is optimized with the Yoast SEO plugin v27.2 - https:\/\/yoast.com\/product\/yoast-seo-wordpress\/ -->\n<title>\u00a0Eneko Goia Donostiako alkateak Poliklinika Gipuzkoako larrialdi berriak inauguratu ditu - Policl\u00ednica Gipuzkoa<\/title>\n<meta name=\"robots\" content=\"index, follow, max-snippet:-1, max-image-preview:large, max-video-preview:-1\" \/>\n<link rel=\"canonical\" href=\"https:\/\/www.policlinicagipuzkoa.com\/eu\/berriak\/eneko-goia-donostiako-alkateak-poliklinika-gipuzkoako-larrialdi-berriak-inauguratu-ditu\/\" \/>\n<meta property=\"og:locale\" content=\"en_US\" \/>\n<meta property=\"og:type\" content=\"article\" \/>\n<meta property=\"og:title\" content=\"\u00a0Eneko Goia Donostiako alkateak Poliklinika Gipuzkoako larrialdi berriak inauguratu ditu - Policl\u00ednica Gipuzkoa\" \/>\n<meta property=\"og:url\" content=\"https:\/\/www.policlinicagipuzkoa.com\/eu\/berriak\/eneko-goia-donostiako-alkateak-poliklinika-gipuzkoako-larrialdi-berriak-inauguratu-ditu\/\" \/>\n<meta property=\"og:site_name\" content=\"Policl\u00ednica Gipuzkoa\" \/>\n<meta property=\"article:publisher\" content=\"https:\/\/www.facebook.com\/policlinicagipuzkoa\" \/>\n<meta property=\"article:published_time\" content=\"2023-06-28T10:10:46+00:00\" \/>\n<meta property=\"article:modified_time\" content=\"2023-06-28T11:20:57+00:00\" \/>\n<meta property=\"og:image\" content=\"https:\/\/www.policlinicagipuzkoa.com\/wp-content\/uploads\/2023\/06\/Inauguracion-Urgencias-directivos-scaled.jpg\" \/>\n\t<meta property=\"og:image:width\" content=\"2560\" \/>\n\t<meta property=\"og:image:height\" content=\"1709\" \/>\n\t<meta property=\"og:image:type\" content=\"image\/jpeg\" \/>\n<meta name=\"author\" content=\"Policl\u00ednica Gipuzkoa\" \/>\n<meta name=\"twitter:card\" content=\"summary_large_image\" \/>\n<meta name=\"twitter:creator\" content=\"@PolicliGipuzkoa\" \/>\n<meta name=\"twitter:site\" content=\"@PolicliGipuzkoa\" \/>\n<meta name=\"twitter:label1\" content=\"Written by\" \/>\n\t<meta name=\"twitter:data1\" content=\"Policl\u00ednica Gipuzkoa\" \/>\n\t<meta name=\"twitter:label2\" content=\"Est. reading time\" \/>\n\t<meta name=\"twitter:data2\" content=\"2 minutua\" \/>\n<script type=\"application\/ld+json\" class=\"yoast-schema-graph\">{\"@context\":\"https:\/\/schema.org\",\"@graph\":[{\"@type\":\"Article\",\"@id\":\"https:\/\/www.policlinicagipuzkoa.com\/eu\/berriak\/eneko-goia-donostiako-alkateak-poliklinika-gipuzkoako-larrialdi-berriak-inauguratu-ditu\/#article\",\"isPartOf\":{\"@id\":\"https:\/\/www.policlinicagipuzkoa.com\/eu\/berriak\/eneko-goia-donostiako-alkateak-poliklinika-gipuzkoako-larrialdi-berriak-inauguratu-ditu\/\"},\"author\":{\"name\":\"Policl\u00ednica Gipuzkoa\",\"@id\":\"https:\/\/www.policlinicagipuzkoa.com\/eu\/#\/schema\/person\/5963e1198f477f460d3c16a92318f832\"},\"headline\":\"\u00a0Eneko Goia Donostiako alkateak Poliklinika Gipuzkoako larrialdi berriak inauguratu ditu\",\"datePublished\":\"2023-06-28T10:10:46+00:00\",\"dateModified\":\"2023-06-28T11:20:57+00:00\",\"mainEntityOfPage\":{\"@id\":\"https:\/\/www.policlinicagipuzkoa.com\/eu\/berriak\/eneko-goia-donostiako-alkateak-poliklinika-gipuzkoako-larrialdi-berriak-inauguratu-ditu\/\"},\"wordCount\":365,\"publisher\":{\"@id\":\"https:\/\/www.policlinicagipuzkoa.com\/eu\/#organization\"},\"image\":{\"@id\":\"https:\/\/www.policlinicagipuzkoa.com\/eu\/berriak\/eneko-goia-donostiako-alkateak-poliklinika-gipuzkoako-larrialdi-berriak-inauguratu-ditu\/#primaryimage\"},\"thumbnailUrl\":\"https:\/\/www.policlinicagipuzkoa.com\/wp-content\/uploads\/2023\/06\/Inauguracion-Urgencias-directivos-scaled.jpg\",\"keywords\":[\"Urgencias\"],\"articleSection\":[\"Urgentziak\"],\"inLanguage\":\"eu\"},{\"@type\":\"WebPage\",\"@id\":\"https:\/\/www.policlinicagipuzkoa.com\/eu\/berriak\/eneko-goia-donostiako-alkateak-poliklinika-gipuzkoako-larrialdi-berriak-inauguratu-ditu\/\",\"url\":\"https:\/\/www.policlinicagipuzkoa.com\/eu\/berriak\/eneko-goia-donostiako-alkateak-poliklinika-gipuzkoako-larrialdi-berriak-inauguratu-ditu\/\",\"name\":\"\u00a0Eneko Goia Donostiako alkateak Poliklinika Gipuzkoako larrialdi berriak inauguratu ditu - Policl\u00ednica Gipuzkoa\",\"isPartOf\":{\"@id\":\"https:\/\/www.policlinicagipuzkoa.com\/eu\/#website\"},\"primaryImageOfPage\":{\"@id\":\"https:\/\/www.policlinicagipuzkoa.com\/eu\/berriak\/eneko-goia-donostiako-alkateak-poliklinika-gipuzkoako-larrialdi-berriak-inauguratu-ditu\/#primaryimage\"},\"image\":{\"@id\":\"https:\/\/www.policlinicagipuzkoa.com\/eu\/berriak\/eneko-goia-donostiako-alkateak-poliklinika-gipuzkoako-larrialdi-berriak-inauguratu-ditu\/#primaryimage\"},\"thumbnailUrl\":\"https:\/\/www.policlinicagipuzkoa.com\/wp-content\/uploads\/2023\/06\/Inauguracion-Urgencias-directivos-scaled.jpg\",\"datePublished\":\"2023-06-28T10:10:46+00:00\",\"dateModified\":\"2023-06-28T11:20:57+00:00\",\"breadcrumb\":{\"@id\":\"https:\/\/www.policlinicagipuzkoa.com\/eu\/berriak\/eneko-goia-donostiako-alkateak-poliklinika-gipuzkoako-larrialdi-berriak-inauguratu-ditu\/#breadcrumb\"},\"inLanguage\":\"eu\",\"potentialAction\":[{\"@type\":\"ReadAction\",\"target\":[\"https:\/\/www.policlinicagipuzkoa.com\/eu\/berriak\/eneko-goia-donostiako-alkateak-poliklinika-gipuzkoako-larrialdi-berriak-inauguratu-ditu\/\"]}]},{\"@type\":\"ImageObject\",\"inLanguage\":\"eu\",\"@id\":\"https:\/\/www.policlinicagipuzkoa.com\/eu\/berriak\/eneko-goia-donostiako-alkateak-poliklinika-gipuzkoako-larrialdi-berriak-inauguratu-ditu\/#primaryimage\",\"url\":\"https:\/\/www.policlinicagipuzkoa.com\/wp-content\/uploads\/2023\/06\/Inauguracion-Urgencias-directivos-scaled.jpg\",\"contentUrl\":\"https:\/\/www.policlinicagipuzkoa.com\/wp-content\/uploads\/2023\/06\/Inauguracion-Urgencias-directivos-scaled.jpg\",\"width\":2560,\"height\":1709},{\"@type\":\"BreadcrumbList\",\"@id\":\"https:\/\/www.policlinicagipuzkoa.com\/eu\/berriak\/eneko-goia-donostiako-alkateak-poliklinika-gipuzkoako-larrialdi-berriak-inauguratu-ditu\/#breadcrumb\",\"itemListElement\":[{\"@type\":\"ListItem\",\"position\":1,\"name\":\"Portada\",\"item\":\"https:\/\/www.policlinicagipuzkoa.com\/eu\/\"},{\"@type\":\"ListItem\",\"position\":2,\"name\":\"\u00a0Eneko Goia Donostiako alkateak Poliklinika Gipuzkoako larrialdi berriak inauguratu ditu\"}]},{\"@type\":\"WebSite\",\"@id\":\"https:\/\/www.policlinicagipuzkoa.com\/eu\/#website\",\"url\":\"https:\/\/www.policlinicagipuzkoa.com\/eu\/\",\"name\":\"Policl\u00ednica Gipuzkoa\",\"description\":\"\",\"publisher\":{\"@id\":\"https:\/\/www.policlinicagipuzkoa.com\/eu\/#organization\"},\"potentialAction\":[{\"@type\":\"SearchAction\",\"target\":{\"@type\":\"EntryPoint\",\"urlTemplate\":\"https:\/\/www.policlinicagipuzkoa.com\/eu\/?s={search_term_string}\"},\"query-input\":{\"@type\":\"PropertyValueSpecification\",\"valueRequired\":true,\"valueName\":\"search_term_string\"}}],\"inLanguage\":\"eu\"},{\"@type\":\"Organization\",\"@id\":\"https:\/\/www.policlinicagipuzkoa.com\/eu\/#organization\",\"name\":\"Policl\u00ednica Gipuzkoa\",\"url\":\"https:\/\/www.policlinicagipuzkoa.com\/eu\/\",\"logo\":{\"@type\":\"ImageObject\",\"inLanguage\":\"eu\",\"@id\":\"https:\/\/www.policlinicagipuzkoa.com\/eu\/#\/schema\/logo\/image\/\",\"url\":\"https:\/\/www.policlinicagipuzkoa.com\/wp-content\/uploads\/2016\/12\/FotoLogoPG.jpg\",\"contentUrl\":\"https:\/\/www.policlinicagipuzkoa.com\/wp-content\/uploads\/2016\/12\/FotoLogoPG.jpg\",\"width\":1600,\"height\":800,\"caption\":\"Policl\u00ednica Gipuzkoa\"},\"image\":{\"@id\":\"https:\/\/www.policlinicagipuzkoa.com\/eu\/#\/schema\/logo\/image\/\"},\"sameAs\":[\"https:\/\/www.facebook.com\/policlinicagipuzkoa\",\"https:\/\/x.com\/PolicliGipuzkoa\",\"https:\/\/instagram.com\/policlinicagipuzkoa\/\",\"https:\/\/es.linkedin.com\/company\/policlinica-gipuzkoa\",\"https:\/\/www.youtube.com\/user\/POLICLINICAGIPUZKOA\"]},{\"@type\":\"Person\",\"@id\":\"https:\/\/www.policlinicagipuzkoa.com\/eu\/#\/schema\/person\/5963e1198f477f460d3c16a92318f832\",\"name\":\"Policl\u00ednica Gipuzkoa\"}]}<\/script>\n<!-- \/ Yoast SEO plugin. -->","yoast_head_json":{"title":"\u00a0Eneko Goia Donostiako alkateak Poliklinika Gipuzkoako larrialdi berriak inauguratu ditu - Policl\u00ednica Gipuzkoa","robots":{"index":"index","follow":"follow","max-snippet":"max-snippet:-1","max-image-preview":"max-image-preview:large","max-video-preview":"max-video-preview:-1"},"canonical":"https:\/\/www.policlinicagipuzkoa.com\/eu\/berriak\/eneko-goia-donostiako-alkateak-poliklinika-gipuzkoako-larrialdi-berriak-inauguratu-ditu\/","og_locale":"en_US","og_type":"article","og_title":"\u00a0Eneko Goia Donostiako alkateak Poliklinika Gipuzkoako larrialdi berriak inauguratu ditu - Policl\u00ednica Gipuzkoa","og_url":"https:\/\/www.policlinicagipuzkoa.com\/eu\/berriak\/eneko-goia-donostiako-alkateak-poliklinika-gipuzkoako-larrialdi-berriak-inauguratu-ditu\/","og_site_name":"Policl\u00ednica Gipuzkoa","article_publisher":"https:\/\/www.facebook.com\/policlinicagipuzkoa","article_published_time":"2023-06-28T10:10:46+00:00","article_modified_time":"2023-06-28T11:20:57+00:00","og_image":[{"width":2560,"height":1709,"url":"https:\/\/www.policlinicagipuzkoa.com\/wp-content\/uploads\/2023\/06\/Inauguracion-Urgencias-directivos-scaled.jpg","type":"image\/jpeg"}],"author":"Policl\u00ednica Gipuzkoa","twitter_card":"summary_large_image","twitter_creator":"@PolicliGipuzkoa","twitter_site":"@PolicliGipuzkoa","twitter_misc":{"Written by":"Policl\u00ednica Gipuzkoa","Est. reading time":"2 minutua"},"schema":{"@context":"https:\/\/schema.org","@graph":[{"@type":"Article","@id":"https:\/\/www.policlinicagipuzkoa.com\/eu\/berriak\/eneko-goia-donostiako-alkateak-poliklinika-gipuzkoako-larrialdi-berriak-inauguratu-ditu\/#article","isPartOf":{"@id":"https:\/\/www.policlinicagipuzkoa.com\/eu\/berriak\/eneko-goia-donostiako-alkateak-poliklinika-gipuzkoako-larrialdi-berriak-inauguratu-ditu\/"},"author":{"name":"Policl\u00ednica Gipuzkoa","@id":"https:\/\/www.policlinicagipuzkoa.com\/eu\/#\/schema\/person\/5963e1198f477f460d3c16a92318f832"},"headline":"\u00a0Eneko Goia Donostiako alkateak Poliklinika Gipuzkoako larrialdi berriak inauguratu ditu","datePublished":"2023-06-28T10:10:46+00:00","dateModified":"2023-06-28T11:20:57+00:00","mainEntityOfPage":{"@id":"https:\/\/www.policlinicagipuzkoa.com\/eu\/berriak\/eneko-goia-donostiako-alkateak-poliklinika-gipuzkoako-larrialdi-berriak-inauguratu-ditu\/"},"wordCount":365,"publisher":{"@id":"https:\/\/www.policlinicagipuzkoa.com\/eu\/#organization"},"image":{"@id":"https:\/\/www.policlinicagipuzkoa.com\/eu\/berriak\/eneko-goia-donostiako-alkateak-poliklinika-gipuzkoako-larrialdi-berriak-inauguratu-ditu\/#primaryimage"},"thumbnailUrl":"https:\/\/www.policlinicagipuzkoa.com\/wp-content\/uploads\/2023\/06\/Inauguracion-Urgencias-directivos-scaled.jpg","keywords":["Urgencias"],"articleSection":["Urgentziak"],"inLanguage":"eu"},{"@type":"WebPage","@id":"https:\/\/www.policlinicagipuzkoa.com\/eu\/berriak\/eneko-goia-donostiako-alkateak-poliklinika-gipuzkoako-larrialdi-berriak-inauguratu-ditu\/","url":"https:\/\/www.policlinicagipuzkoa.com\/eu\/berriak\/eneko-goia-donostiako-alkateak-poliklinika-gipuzkoako-larrialdi-berriak-inauguratu-ditu\/","name":"\u00a0Eneko Goia Donostiako alkateak Poliklinika Gipuzkoako larrialdi berriak inauguratu ditu - Policl\u00ednica Gipuzkoa","isPartOf":{"@id":"https:\/\/www.policlinicagipuzkoa.com\/eu\/#website"},"primaryImageOfPage":{"@id":"https:\/\/www.policlinicagipuzkoa.com\/eu\/berriak\/eneko-goia-donostiako-alkateak-poliklinika-gipuzkoako-larrialdi-berriak-inauguratu-ditu\/#primaryimage"},"image":{"@id":"https:\/\/www.policlinicagipuzkoa.com\/eu\/berriak\/eneko-goia-donostiako-alkateak-poliklinika-gipuzkoako-larrialdi-berriak-inauguratu-ditu\/#primaryimage"},"thumbnailUrl":"https:\/\/www.policlinicagipuzkoa.com\/wp-content\/uploads\/2023\/06\/Inauguracion-Urgencias-directivos-scaled.jpg","datePublished":"2023-06-28T10:10:46+00:00","dateModified":"2023-06-28T11:20:57+00:00","breadcrumb":{"@id":"https:\/\/www.policlinicagipuzkoa.com\/eu\/berriak\/eneko-goia-donostiako-alkateak-poliklinika-gipuzkoako-larrialdi-berriak-inauguratu-ditu\/#breadcrumb"},"inLanguage":"eu","potentialAction":[{"@type":"ReadAction","target":["https:\/\/www.policlinicagipuzkoa.com\/eu\/berriak\/eneko-goia-donostiako-alkateak-poliklinika-gipuzkoako-larrialdi-berriak-inauguratu-ditu\/"]}]},{"@type":"ImageObject","inLanguage":"eu","@id":"https:\/\/www.policlinicagipuzkoa.com\/eu\/berriak\/eneko-goia-donostiako-alkateak-poliklinika-gipuzkoako-larrialdi-berriak-inauguratu-ditu\/#primaryimage","url":"https:\/\/www.policlinicagipuzkoa.com\/wp-content\/uploads\/2023\/06\/Inauguracion-Urgencias-directivos-scaled.jpg","contentUrl":"https:\/\/www.policlinicagipuzkoa.com\/wp-content\/uploads\/2023\/06\/Inauguracion-Urgencias-directivos-scaled.jpg","width":2560,"height":1709},{"@type":"BreadcrumbList","@id":"https:\/\/www.policlinicagipuzkoa.com\/eu\/berriak\/eneko-goia-donostiako-alkateak-poliklinika-gipuzkoako-larrialdi-berriak-inauguratu-ditu\/#breadcrumb","itemListElement":[{"@type":"ListItem","position":1,"name":"Portada","item":"https:\/\/www.policlinicagipuzkoa.com\/eu\/"},{"@type":"ListItem","position":2,"name":"\u00a0Eneko Goia Donostiako alkateak Poliklinika Gipuzkoako larrialdi berriak inauguratu ditu"}]},{"@type":"WebSite","@id":"https:\/\/www.policlinicagipuzkoa.com\/eu\/#website","url":"https:\/\/www.policlinicagipuzkoa.com\/eu\/","name":"Policl\u00ednica Gipuzkoa","description":"","publisher":{"@id":"https:\/\/www.policlinicagipuzkoa.com\/eu\/#organization"},"potentialAction":[{"@type":"SearchAction","target":{"@type":"EntryPoint","urlTemplate":"https:\/\/www.policlinicagipuzkoa.com\/eu\/?s={search_term_string}"},"query-input":{"@type":"PropertyValueSpecification","valueRequired":true,"valueName":"search_term_string"}}],"inLanguage":"eu"},{"@type":"Organization","@id":"https:\/\/www.policlinicagipuzkoa.com\/eu\/#organization","name":"Policl\u00ednica Gipuzkoa","url":"https:\/\/www.policlinicagipuzkoa.com\/eu\/","logo":{"@type":"ImageObject","inLanguage":"eu","@id":"https:\/\/www.policlinicagipuzkoa.com\/eu\/#\/schema\/logo\/image\/","url":"https:\/\/www.policlinicagipuzkoa.com\/wp-content\/uploads\/2016\/12\/FotoLogoPG.jpg","contentUrl":"https:\/\/www.policlinicagipuzkoa.com\/wp-content\/uploads\/2016\/12\/FotoLogoPG.jpg","width":1600,"height":800,"caption":"Policl\u00ednica Gipuzkoa"},"image":{"@id":"https:\/\/www.policlinicagipuzkoa.com\/eu\/#\/schema\/logo\/image\/"},"sameAs":["https:\/\/www.facebook.com\/policlinicagipuzkoa","https:\/\/x.com\/PolicliGipuzkoa","https:\/\/instagram.com\/policlinicagipuzkoa\/","https:\/\/es.linkedin.com\/company\/policlinica-gipuzkoa","https:\/\/www.youtube.com\/user\/POLICLINICAGIPUZKOA"]},{"@type":"Person","@id":"https:\/\/www.policlinicagipuzkoa.com\/eu\/#\/schema\/person\/5963e1198f477f460d3c16a92318f832","name":"Policl\u00ednica Gipuzkoa"}]}},"_links":{"self":[{"href":"https:\/\/www.policlinicagipuzkoa.com\/eu\/wp-json\/wp\/v2\/posts\/110989","targetHints":{"allow":["GET"]}}],"collection":[{"href":"https:\/\/www.policlinicagipuzkoa.com\/eu\/wp-json\/wp\/v2\/posts"}],"about":[{"href":"https:\/\/www.policlinicagipuzkoa.com\/eu\/wp-json\/wp\/v2\/types\/post"}],"author":[{"embeddable":true,"href":"https:\/\/www.policlinicagipuzkoa.com\/eu\/wp-json\/wp\/v2\/users\/5"}],"replies":[{"embeddable":true,"href":"https:\/\/www.policlinicagipuzkoa.com\/eu\/wp-json\/wp\/v2\/comments?post=110989"}],"version-history":[{"count":1,"href":"https:\/\/www.policlinicagipuzkoa.com\/eu\/wp-json\/wp\/v2\/posts\/110989\/revisions"}],"predecessor-version":[{"id":110990,"href":"https:\/\/www.policlinicagipuzkoa.com\/eu\/wp-json\/wp\/v2\/posts\/110989\/revisions\/110990"}],"wp:featuredmedia":[{"embeddable":true,"href":"https:\/\/www.policlinicagipuzkoa.com\/eu\/wp-json\/wp\/v2\/media\/110995"}],"wp:attachment":[{"href":"https:\/\/www.policlinicagipuzkoa.com\/eu\/wp-json\/wp\/v2\/media?parent=110989"}],"wp:term":[{"taxonomy":"category","embeddable":true,"href":"https:\/\/www.policlinicagipuzkoa.com\/eu\/wp-json\/wp\/v2\/categories?post=110989"},{"taxonomy":"post_tag","embeddable":true,"href":"https:\/\/www.policlinicagipuzkoa.com\/eu\/wp-json\/wp\/v2\/tags?post=110989"}],"curies":[{"name":"wp","href":"https:\/\/api.w.org\/{rel}","templated":true}]}}