{"id":102484,"date":"2022-05-13T14:11:46","date_gmt":"2022-05-13T12:11:46","guid":{"rendered":"https:\/\/www.policlinicagipuzkoa.com\/?p=102484"},"modified":"2022-07-15T12:27:10","modified_gmt":"2022-07-15T10:27:10","slug":"goenagak-koadro-bat-margotu-eta-eskaini-die-policlinica-gipuzkoako-profesionalei","status":"publish","type":"post","link":"https:\/\/www.policlinicagipuzkoa.com\/eu\/berriak\/goenagak-koadro-bat-margotu-eta-eskaini-die-policlinica-gipuzkoako-profesionalei\/","title":{"rendered":"Goenagak koadro bat margotu eta eskaini die Policlinica Gipuzkoako profesionalei"},"content":{"rendered":"\n<p>Obra bere seme Telmok entregatu du eta Joseba Vidorretak, Euskadiko Quir\u00f3nsaludeko lurralde-zuzendariak, jaso du. Policl\u00ednica Gipuzkoako osasun-profesionalak omentzeko sortutako pieza berezia da.<\/p>\n\n\n\n<p>Juan Lu\u00eds Goenaga pintore donostiarrak bere esker ona adierazi nahi izan dio Policl\u00ednica Gipuzkoari, eta eskerrak eman nahi dizkie profesionalek egiten duten lan handiagatik. Lana Telmo Goenaga semeak gaur goizean entregatu du, eta ospitale donostiarreko sarrerako horma nagusietako batean jarri dute, ospitalera sartzen diren pertsona guztiek ikus dezaten.<\/p>\n\n\n\n<!--more-->\n\n\n\n<figure class=\"wp-block-image size-large\"><img loading=\"lazy\" decoding=\"async\" width=\"1447\" height=\"1500\" src=\"https:\/\/www.policlinicagipuzkoa.com\/wp-content\/uploads\/2022\/05\/Telmo-Goenaga-y-Joseba-Vidorreta-1447x1500.jpg\" alt=\"\" class=\"wp-image-102486\" srcset=\"https:\/\/www.policlinicagipuzkoa.com\/wp-content\/uploads\/2022\/05\/Telmo-Goenaga-y-Joseba-Vidorreta-1447x1500.jpg 1447w, https:\/\/www.policlinicagipuzkoa.com\/wp-content\/uploads\/2022\/05\/Telmo-Goenaga-y-Joseba-Vidorreta-675x700.jpg 675w, https:\/\/www.policlinicagipuzkoa.com\/wp-content\/uploads\/2022\/05\/Telmo-Goenaga-y-Joseba-Vidorreta-768x796.jpg 768w, https:\/\/www.policlinicagipuzkoa.com\/wp-content\/uploads\/2022\/05\/Telmo-Goenaga-y-Joseba-Vidorreta-1482x1536.jpg 1482w, https:\/\/www.policlinicagipuzkoa.com\/wp-content\/uploads\/2022\/05\/Telmo-Goenaga-y-Joseba-Vidorreta-1976x2048.jpg 1976w\" sizes=\"auto, (max-width: 1447px) 100vw, 1447px\" \/><figcaption>Telmo Goenaga (esk.), Juan Luis Goenaga margolariaren semea, eta Joseba Vidorreta (ezk.), Euskadiko Quir\u00f3nsaludeko lurralde-zuzendaria, pintore donostiarrak Policl\u00ednica Gipuzkoarako sortu duen koadroaren aurrean, eskerrak emateko<\/figcaption><\/figure>\n\n\n\n<p>Telmo Goenagari Joseba Vidorretak, Euskadiko Quir\u00f3nsaludeko lurralde-zuzendariak, egin dio harrera eta eskerrak eman dizkio Policl\u00ednica Gipuzkoako eta Quir\u00f3nsaludeko profesional guztien izenean.<\/p>\n\n\n\n<figure class=\"wp-block-image size-large\"><img loading=\"lazy\" decoding=\"async\" width=\"1465\" height=\"1500\" src=\"https:\/\/www.policlinicagipuzkoa.com\/wp-content\/uploads\/2022\/05\/IMG_4651-1465x1500.jpg\" alt=\"\" class=\"wp-image-102529\" srcset=\"https:\/\/www.policlinicagipuzkoa.com\/wp-content\/uploads\/2022\/05\/IMG_4651-1465x1500.jpg 1465w, https:\/\/www.policlinicagipuzkoa.com\/wp-content\/uploads\/2022\/05\/IMG_4651-684x700.jpg 684w, https:\/\/www.policlinicagipuzkoa.com\/wp-content\/uploads\/2022\/05\/IMG_4651-768x786.jpg 768w, https:\/\/www.policlinicagipuzkoa.com\/wp-content\/uploads\/2022\/05\/IMG_4651-1500x1536.jpg 1500w, https:\/\/www.policlinicagipuzkoa.com\/wp-content\/uploads\/2022\/05\/IMG_4651-2001x2048.jpg 2001w\" sizes=\"auto, (max-width: 1465px) 100vw, 1465px\" \/><figcaption>Oscar Paul, Quir\u00f3nsalud Gipuzkoako zuzendari kudeatzailea<\/figcaption><\/figure>\n\n\n\n<figure class=\"wp-block-image size-large\"><img loading=\"lazy\" decoding=\"async\" width=\"1500\" height=\"1125\" src=\"https:\/\/www.policlinicagipuzkoa.com\/wp-content\/uploads\/2022\/05\/IMG_4675-1500x1125.jpg\" alt=\"\" class=\"wp-image-102531\" srcset=\"https:\/\/www.policlinicagipuzkoa.com\/wp-content\/uploads\/2022\/05\/IMG_4675-1500x1125.jpg 1500w, https:\/\/www.policlinicagipuzkoa.com\/wp-content\/uploads\/2022\/05\/IMG_4675-700x525.jpg 700w, https:\/\/www.policlinicagipuzkoa.com\/wp-content\/uploads\/2022\/05\/IMG_4675-768x576.jpg 768w, https:\/\/www.policlinicagipuzkoa.com\/wp-content\/uploads\/2022\/05\/IMG_4675-1536x1152.jpg 1536w, https:\/\/www.policlinicagipuzkoa.com\/wp-content\/uploads\/2022\/05\/IMG_4675-2048x1536.jpg 2048w\" sizes=\"auto, (max-width: 1500px) 100vw, 1500px\" \/><figcaption><br>Telmo Goenaga eta Sonia Roussel, Quir\u00f3nsalud Gipuzkoako zuzendari medikoa<br><\/figcaption><\/figure>\n\n\n\n<figure class=\"wp-block-image size-large\"><img loading=\"lazy\" decoding=\"async\" width=\"1500\" height=\"1125\" src=\"https:\/\/www.policlinicagipuzkoa.com\/wp-content\/uploads\/2022\/05\/IMG_4701-1-1500x1125.jpg\" alt=\"\" class=\"wp-image-102527\" srcset=\"https:\/\/www.policlinicagipuzkoa.com\/wp-content\/uploads\/2022\/05\/IMG_4701-1-1500x1125.jpg 1500w, https:\/\/www.policlinicagipuzkoa.com\/wp-content\/uploads\/2022\/05\/IMG_4701-1-700x525.jpg 700w, https:\/\/www.policlinicagipuzkoa.com\/wp-content\/uploads\/2022\/05\/IMG_4701-1-768x576.jpg 768w, https:\/\/www.policlinicagipuzkoa.com\/wp-content\/uploads\/2022\/05\/IMG_4701-1-1536x1152.jpg 1536w, https:\/\/www.policlinicagipuzkoa.com\/wp-content\/uploads\/2022\/05\/IMG_4701-1-2048x1536.jpg 2048w\" sizes=\"auto, (max-width: 1500px) 100vw, 1500px\" \/><figcaption><br>Telmo Goenaga eta Amaia Azkue, Poliklinika Gipuzkoako Erizaintzako zuzendaria<br><\/figcaption><\/figure>\n\n\n\n<p>Ekitaldian, Gipuzkoako Quir\u00f3nsaludeko zuzendaria, \u00d3scal Pa\u00fal; Quir\u00f3nsaludeko Gipuzkoako Zuzendari Medikoa, Sonia Roussel; eta Gipuzkoako Quir\u00f3nsaludeko Erizain Zuzendaria, Amaia Azkue, ere egon dira.<\/p>\n\n\n\n<p>Goenagak zentroa eta osasun-langile taldea omendu nahi izan ditu pinturaren bidez. Margolariak Policl\u00ednika Gipuzkoarekiko sentitzen duen afektuaren adibide da lan hau dohaintzan eman izana, eta 1975etik gipuzkoarren osasunaren defentsan bertako profesionalek egiten duten lanaren errekonozimendua da.<\/p>\n\n\n\n<p>Obra sarrera nagusian jarri dute. Oihal gaineko olio-pintura da eta <strong>162cm x 130cm<\/strong> neurtzen ditu. Koadroan margolari donostiarraren estilo bereizgarria ikus daiteke eta, bere azken lanetan bezala, argitasuna eta karga materiko handiko espresionismo abstraktua nabarmendu nahi izan ditu. Oraingoz, obrak ez du izenbururik, artistari obrak jalkitzen uztea gustatzen baitzaio eta denbora pasatzean jartzen baitie izenburua.<\/p>\n\n\n\n<p>Juan Lu\u00eds Goenagaren hitzetan, obraren edukia eta kokapena (sarrera nagusia) kontuan hartuta: <strong>&#8220;Policl\u00ednica Gipuzkoara datozen paziente eta senideentzako pizkarri izatea gustatuko litzaidake&#8221;.<\/strong><\/p>\n\n\n\n<p>Juan Lu\u00eds Goenagak 250 erakusketa baino gehiago egin ditu, bakarka zein taldean, eta bere obrak museoetan, galeria pribatuetan eta estatuko eta nazioarteko erakundeetan daude. Bere azken proiektu artistikoak aipatzerako orduan, <strong>Woody Allenen<\/strong> <strong>Rifkin&#8217;s Festival<\/strong> filmean parte hartu zuela aipatu behar da; izan ere, zuzendariak Goenagaren 100 mihise baino gehiago erabili zituen pelikulako eszenak erreproduzitzeko.<\/p>\n\n\n\n<h2 class=\"has-text-align-center wp-block-heading\"><strong>Eskerrik asko Juan Luis Goenaga!<\/strong><\/h2>\n\n\n\n<figure class=\"wp-block-image size-large\"><img loading=\"lazy\" decoding=\"async\" width=\"1418\" height=\"1500\" src=\"https:\/\/www.policlinicagipuzkoa.com\/wp-content\/uploads\/2022\/05\/IMG_4656-1-1418x1500.jpg\" alt=\"\" class=\"wp-image-102507\" srcset=\"https:\/\/www.policlinicagipuzkoa.com\/wp-content\/uploads\/2022\/05\/IMG_4656-1-1418x1500.jpg 1418w, https:\/\/www.policlinicagipuzkoa.com\/wp-content\/uploads\/2022\/05\/IMG_4656-1-662x700.jpg 662w, https:\/\/www.policlinicagipuzkoa.com\/wp-content\/uploads\/2022\/05\/IMG_4656-1-768x812.jpg 768w, https:\/\/www.policlinicagipuzkoa.com\/wp-content\/uploads\/2022\/05\/IMG_4656-1-1452x1536.jpg 1452w, https:\/\/www.policlinicagipuzkoa.com\/wp-content\/uploads\/2022\/05\/IMG_4656-1-1936x2048.jpg 1936w\" sizes=\"auto, (max-width: 1418px) 100vw, 1418px\" \/><\/figure>\n\n\n\n<figure class=\"wp-block-image size-large\"><img loading=\"lazy\" decoding=\"async\" width=\"1250\" height=\"1500\" src=\"https:\/\/www.policlinicagipuzkoa.com\/wp-content\/uploads\/2022\/05\/IMG_4659-1-1250x1500.jpg\" alt=\"\" class=\"wp-image-102525\" srcset=\"https:\/\/www.policlinicagipuzkoa.com\/wp-content\/uploads\/2022\/05\/IMG_4659-1-1250x1500.jpg 1250w, https:\/\/www.policlinicagipuzkoa.com\/wp-content\/uploads\/2022\/05\/IMG_4659-1-583x700.jpg 583w, https:\/\/www.policlinicagipuzkoa.com\/wp-content\/uploads\/2022\/05\/IMG_4659-1-768x922.jpg 768w, https:\/\/www.policlinicagipuzkoa.com\/wp-content\/uploads\/2022\/05\/IMG_4659-1-1280x1536.jpg 1280w, https:\/\/www.policlinicagipuzkoa.com\/wp-content\/uploads\/2022\/05\/IMG_4659-1-1706x2048.jpg 1706w\" sizes=\"auto, (max-width: 1250px) 100vw, 1250px\" \/><\/figure>\n\n\n\n<figure class=\"wp-block-image size-large\"><img loading=\"lazy\" decoding=\"async\" width=\"1500\" height=\"1268\" src=\"https:\/\/www.policlinicagipuzkoa.com\/wp-content\/uploads\/2022\/05\/IMG_4669-1-1500x1268.jpg\" alt=\"\" class=\"wp-image-102517\" srcset=\"https:\/\/www.policlinicagipuzkoa.com\/wp-content\/uploads\/2022\/05\/IMG_4669-1-1500x1268.jpg 1500w, https:\/\/www.policlinicagipuzkoa.com\/wp-content\/uploads\/2022\/05\/IMG_4669-1-700x592.jpg 700w, https:\/\/www.policlinicagipuzkoa.com\/wp-content\/uploads\/2022\/05\/IMG_4669-1-768x649.jpg 768w, https:\/\/www.policlinicagipuzkoa.com\/wp-content\/uploads\/2022\/05\/IMG_4669-1-1536x1299.jpg 1536w, https:\/\/www.policlinicagipuzkoa.com\/wp-content\/uploads\/2022\/05\/IMG_4669-1-2048x1731.jpg 2048w\" sizes=\"auto, (max-width: 1500px) 100vw, 1500px\" \/><\/figure>\n\n\n\n<figure class=\"wp-block-image size-large\"><img loading=\"lazy\" decoding=\"async\" width=\"1500\" height=\"1488\" src=\"https:\/\/www.policlinicagipuzkoa.com\/wp-content\/uploads\/2022\/05\/IMG_4672-1500x1488.jpg\" alt=\"\" class=\"wp-image-102501\" srcset=\"https:\/\/www.policlinicagipuzkoa.com\/wp-content\/uploads\/2022\/05\/IMG_4672-1500x1488.jpg 1500w, https:\/\/www.policlinicagipuzkoa.com\/wp-content\/uploads\/2022\/05\/IMG_4672-700x694.jpg 700w, https:\/\/www.policlinicagipuzkoa.com\/wp-content\/uploads\/2022\/05\/IMG_4672-768x762.jpg 768w, https:\/\/www.policlinicagipuzkoa.com\/wp-content\/uploads\/2022\/05\/IMG_4672-1536x1524.jpg 1536w, https:\/\/www.policlinicagipuzkoa.com\/wp-content\/uploads\/2022\/05\/IMG_4672-2048x2032.jpg 2048w\" sizes=\"auto, (max-width: 1500px) 100vw, 1500px\" \/><\/figure>\n\n\n\n<figure class=\"wp-block-image size-large\"><img loading=\"lazy\" decoding=\"async\" width=\"1500\" height=\"1125\" src=\"https:\/\/www.policlinicagipuzkoa.com\/wp-content\/uploads\/2022\/05\/IMG_4695-1500x1125.jpg\" alt=\"\" class=\"wp-image-102515\" srcset=\"https:\/\/www.policlinicagipuzkoa.com\/wp-content\/uploads\/2022\/05\/IMG_4695-1500x1125.jpg 1500w, https:\/\/www.policlinicagipuzkoa.com\/wp-content\/uploads\/2022\/05\/IMG_4695-700x525.jpg 700w, https:\/\/www.policlinicagipuzkoa.com\/wp-content\/uploads\/2022\/05\/IMG_4695-768x576.jpg 768w, https:\/\/www.policlinicagipuzkoa.com\/wp-content\/uploads\/2022\/05\/IMG_4695-1536x1152.jpg 1536w, https:\/\/www.policlinicagipuzkoa.com\/wp-content\/uploads\/2022\/05\/IMG_4695-2048x1536.jpg 2048w\" sizes=\"auto, (max-width: 1500px) 100vw, 1500px\" \/><\/figure>\n\n\n\n<figure class=\"wp-block-image size-large\"><img loading=\"lazy\" decoding=\"async\" width=\"1500\" height=\"1125\" src=\"https:\/\/www.policlinicagipuzkoa.com\/wp-content\/uploads\/2022\/05\/IMG_4715-1500x1125.jpg\" alt=\"\" class=\"wp-image-102499\" srcset=\"https:\/\/www.policlinicagipuzkoa.com\/wp-content\/uploads\/2022\/05\/IMG_4715-1500x1125.jpg 1500w, https:\/\/www.policlinicagipuzkoa.com\/wp-content\/uploads\/2022\/05\/IMG_4715-700x525.jpg 700w, https:\/\/www.policlinicagipuzkoa.com\/wp-content\/uploads\/2022\/05\/IMG_4715-768x576.jpg 768w, https:\/\/www.policlinicagipuzkoa.com\/wp-content\/uploads\/2022\/05\/IMG_4715-1536x1152.jpg 1536w, https:\/\/www.policlinicagipuzkoa.com\/wp-content\/uploads\/2022\/05\/IMG_4715-2048x1536.jpg 2048w\" sizes=\"auto, (max-width: 1500px) 100vw, 1500px\" \/><\/figure>\n\n\n\n<figure class=\"wp-block-image size-large\"><img loading=\"lazy\" decoding=\"async\" width=\"1500\" height=\"1309\" src=\"https:\/\/www.policlinicagipuzkoa.com\/wp-content\/uploads\/2022\/05\/IMG_4721-1500x1309.jpg\" alt=\"\" class=\"wp-image-102495\" srcset=\"https:\/\/www.policlinicagipuzkoa.com\/wp-content\/uploads\/2022\/05\/IMG_4721-1500x1309.jpg 1500w, https:\/\/www.policlinicagipuzkoa.com\/wp-content\/uploads\/2022\/05\/IMG_4721-700x611.jpg 700w, https:\/\/www.policlinicagipuzkoa.com\/wp-content\/uploads\/2022\/05\/IMG_4721-768x670.jpg 768w, https:\/\/www.policlinicagipuzkoa.com\/wp-content\/uploads\/2022\/05\/IMG_4721-1536x1341.jpg 1536w, https:\/\/www.policlinicagipuzkoa.com\/wp-content\/uploads\/2022\/05\/IMG_4721-2048x1787.jpg 2048w\" sizes=\"auto, (max-width: 1500px) 100vw, 1500px\" \/><\/figure>\n\n\n\n<figure class=\"wp-block-image size-large\"><img loading=\"lazy\" decoding=\"async\" width=\"1500\" height=\"1125\" src=\"https:\/\/www.policlinicagipuzkoa.com\/wp-content\/uploads\/2022\/05\/IMG_4727-1-1500x1125.jpg\" alt=\"\" class=\"wp-image-102514\" srcset=\"https:\/\/www.policlinicagipuzkoa.com\/wp-content\/uploads\/2022\/05\/IMG_4727-1-1500x1125.jpg 1500w, https:\/\/www.policlinicagipuzkoa.com\/wp-content\/uploads\/2022\/05\/IMG_4727-1-700x525.jpg 700w, https:\/\/www.policlinicagipuzkoa.com\/wp-content\/uploads\/2022\/05\/IMG_4727-1-768x576.jpg 768w, https:\/\/www.policlinicagipuzkoa.com\/wp-content\/uploads\/2022\/05\/IMG_4727-1-1536x1152.jpg 1536w, https:\/\/www.policlinicagipuzkoa.com\/wp-content\/uploads\/2022\/05\/IMG_4727-1-2048x1536.jpg 2048w\" sizes=\"auto, (max-width: 1500px) 100vw, 1500px\" \/><\/figure>\n\n\n\n<figure class=\"wp-block-image size-large\"><img loading=\"lazy\" decoding=\"async\" width=\"1500\" height=\"1125\" src=\"https:\/\/www.policlinicagipuzkoa.com\/wp-content\/uploads\/2022\/05\/IMG_4733-1500x1125.jpg\" alt=\"\" class=\"wp-image-102493\" srcset=\"https:\/\/www.policlinicagipuzkoa.com\/wp-content\/uploads\/2022\/05\/IMG_4733-1500x1125.jpg 1500w, https:\/\/www.policlinicagipuzkoa.com\/wp-content\/uploads\/2022\/05\/IMG_4733-700x525.jpg 700w, https:\/\/www.policlinicagipuzkoa.com\/wp-content\/uploads\/2022\/05\/IMG_4733-768x576.jpg 768w, https:\/\/www.policlinicagipuzkoa.com\/wp-content\/uploads\/2022\/05\/IMG_4733-1536x1152.jpg 1536w, https:\/\/www.policlinicagipuzkoa.com\/wp-content\/uploads\/2022\/05\/IMG_4733-2048x1536.jpg 2048w\" sizes=\"auto, (max-width: 1500px) 100vw, 1500px\" \/><\/figure>\n","protected":false},"excerpt":{"rendered":"","protected":false},"author":5,"featured_media":102486,"comment_status":"closed","ping_status":"closed","sticky":false,"template":"","format":"standard","meta":{"_acf_changed":false,"footnotes":""},"categories":[],"tags":[3454,5262,5263,5261,5264],"class_list":["post-102484","post","type-post","status-publish","format-standard","has-post-thumbnail","hentry","tag-donostia","tag-joseba-vidorreta-3","tag-juan-luis-goenaga-3","tag-kuadroa","tag-policlinica-gipuzkoa-4"],"acf":[],"yoast_head":"<!-- This site is optimized with the Yoast SEO plugin v27.2 - https:\/\/yoast.com\/product\/yoast-seo-wordpress\/ -->\n<title>Goenagak koadro bat margotu eta eskaini die Policlinica Gipuzkoako profesionalei - Policl\u00ednica Gipuzkoa<\/title>\n<meta name=\"robots\" content=\"index, follow, max-snippet:-1, max-image-preview:large, max-video-preview:-1\" \/>\n<link rel=\"canonical\" href=\"https:\/\/www.policlinicagipuzkoa.com\/eu\/berriak\/goenagak-koadro-bat-margotu-eta-eskaini-die-policlinica-gipuzkoako-profesionalei\/\" \/>\n<meta property=\"og:locale\" content=\"en_US\" \/>\n<meta property=\"og:type\" content=\"article\" \/>\n<meta property=\"og:title\" content=\"Goenagak koadro bat margotu eta eskaini die Policlinica Gipuzkoako profesionalei - Policl\u00ednica Gipuzkoa\" \/>\n<meta property=\"og:url\" content=\"https:\/\/www.policlinicagipuzkoa.com\/eu\/berriak\/goenagak-koadro-bat-margotu-eta-eskaini-die-policlinica-gipuzkoako-profesionalei\/\" \/>\n<meta property=\"og:site_name\" content=\"Policl\u00ednica Gipuzkoa\" \/>\n<meta property=\"article:publisher\" content=\"https:\/\/www.facebook.com\/policlinicagipuzkoa\" \/>\n<meta property=\"article:published_time\" content=\"2022-05-13T12:11:46+00:00\" \/>\n<meta property=\"article:modified_time\" content=\"2022-07-15T10:27:10+00:00\" \/>\n<meta property=\"og:image\" content=\"https:\/\/www.policlinicagipuzkoa.com\/wp-content\/uploads\/2022\/05\/Telmo-Goenaga-y-Joseba-Vidorreta-scaled.jpg\" \/>\n\t<meta property=\"og:image:width\" content=\"2470\" \/>\n\t<meta property=\"og:image:height\" content=\"2560\" \/>\n\t<meta property=\"og:image:type\" content=\"image\/jpeg\" \/>\n<meta name=\"author\" content=\"Policl\u00ednica Gipuzkoa\" \/>\n<meta name=\"twitter:card\" content=\"summary_large_image\" \/>\n<meta name=\"twitter:creator\" content=\"@PolicliGipuzkoa\" \/>\n<meta name=\"twitter:site\" content=\"@PolicliGipuzkoa\" \/>\n<meta name=\"twitter:label1\" content=\"Written by\" \/>\n\t<meta name=\"twitter:data1\" content=\"Policl\u00ednica Gipuzkoa\" \/>\n\t<meta name=\"twitter:label2\" content=\"Est. reading time\" \/>\n\t<meta name=\"twitter:data2\" content=\"2 minutua\" \/>\n<script type=\"application\/ld+json\" class=\"yoast-schema-graph\">{\"@context\":\"https:\/\/schema.org\",\"@graph\":[{\"@type\":\"Article\",\"@id\":\"https:\/\/www.policlinicagipuzkoa.com\/eu\/berriak\/goenagak-koadro-bat-margotu-eta-eskaini-die-policlinica-gipuzkoako-profesionalei\/#article\",\"isPartOf\":{\"@id\":\"https:\/\/www.policlinicagipuzkoa.com\/eu\/berriak\/goenagak-koadro-bat-margotu-eta-eskaini-die-policlinica-gipuzkoako-profesionalei\/\"},\"author\":{\"name\":\"Policl\u00ednica Gipuzkoa\",\"@id\":\"https:\/\/www.policlinicagipuzkoa.com\/eu\/#\/schema\/person\/5963e1198f477f460d3c16a92318f832\"},\"headline\":\"Goenagak koadro bat margotu eta eskaini die Policlinica Gipuzkoako profesionalei\",\"datePublished\":\"2022-05-13T12:11:46+00:00\",\"dateModified\":\"2022-07-15T10:27:10+00:00\",\"mainEntityOfPage\":{\"@id\":\"https:\/\/www.policlinicagipuzkoa.com\/eu\/berriak\/goenagak-koadro-bat-margotu-eta-eskaini-die-policlinica-gipuzkoako-profesionalei\/\"},\"wordCount\":362,\"publisher\":{\"@id\":\"https:\/\/www.policlinicagipuzkoa.com\/eu\/#organization\"},\"image\":{\"@id\":\"https:\/\/www.policlinicagipuzkoa.com\/eu\/berriak\/goenagak-koadro-bat-margotu-eta-eskaini-die-policlinica-gipuzkoako-profesionalei\/#primaryimage\"},\"thumbnailUrl\":\"https:\/\/www.policlinicagipuzkoa.com\/wp-content\/uploads\/2022\/05\/Telmo-Goenaga-y-Joseba-Vidorreta-scaled.jpg\",\"keywords\":[\"Donostia\",\"Joseba Vidorreta\",\"Juan Luis Goenaga\",\"Kuadroa\",\"Policl\u00ednica Gipuzkoa\"],\"inLanguage\":\"eu\"},{\"@type\":\"WebPage\",\"@id\":\"https:\/\/www.policlinicagipuzkoa.com\/eu\/berriak\/goenagak-koadro-bat-margotu-eta-eskaini-die-policlinica-gipuzkoako-profesionalei\/\",\"url\":\"https:\/\/www.policlinicagipuzkoa.com\/eu\/berriak\/goenagak-koadro-bat-margotu-eta-eskaini-die-policlinica-gipuzkoako-profesionalei\/\",\"name\":\"Goenagak koadro bat margotu eta eskaini die Policlinica Gipuzkoako profesionalei - Policl\u00ednica Gipuzkoa\",\"isPartOf\":{\"@id\":\"https:\/\/www.policlinicagipuzkoa.com\/eu\/#website\"},\"primaryImageOfPage\":{\"@id\":\"https:\/\/www.policlinicagipuzkoa.com\/eu\/berriak\/goenagak-koadro-bat-margotu-eta-eskaini-die-policlinica-gipuzkoako-profesionalei\/#primaryimage\"},\"image\":{\"@id\":\"https:\/\/www.policlinicagipuzkoa.com\/eu\/berriak\/goenagak-koadro-bat-margotu-eta-eskaini-die-policlinica-gipuzkoako-profesionalei\/#primaryimage\"},\"thumbnailUrl\":\"https:\/\/www.policlinicagipuzkoa.com\/wp-content\/uploads\/2022\/05\/Telmo-Goenaga-y-Joseba-Vidorreta-scaled.jpg\",\"datePublished\":\"2022-05-13T12:11:46+00:00\",\"dateModified\":\"2022-07-15T10:27:10+00:00\",\"breadcrumb\":{\"@id\":\"https:\/\/www.policlinicagipuzkoa.com\/eu\/berriak\/goenagak-koadro-bat-margotu-eta-eskaini-die-policlinica-gipuzkoako-profesionalei\/#breadcrumb\"},\"inLanguage\":\"eu\",\"potentialAction\":[{\"@type\":\"ReadAction\",\"target\":[\"https:\/\/www.policlinicagipuzkoa.com\/eu\/berriak\/goenagak-koadro-bat-margotu-eta-eskaini-die-policlinica-gipuzkoako-profesionalei\/\"]}]},{\"@type\":\"ImageObject\",\"inLanguage\":\"eu\",\"@id\":\"https:\/\/www.policlinicagipuzkoa.com\/eu\/berriak\/goenagak-koadro-bat-margotu-eta-eskaini-die-policlinica-gipuzkoako-profesionalei\/#primaryimage\",\"url\":\"https:\/\/www.policlinicagipuzkoa.com\/wp-content\/uploads\/2022\/05\/Telmo-Goenaga-y-Joseba-Vidorreta-scaled.jpg\",\"contentUrl\":\"https:\/\/www.policlinicagipuzkoa.com\/wp-content\/uploads\/2022\/05\/Telmo-Goenaga-y-Joseba-Vidorreta-scaled.jpg\",\"width\":2470,\"height\":2560},{\"@type\":\"BreadcrumbList\",\"@id\":\"https:\/\/www.policlinicagipuzkoa.com\/eu\/berriak\/goenagak-koadro-bat-margotu-eta-eskaini-die-policlinica-gipuzkoako-profesionalei\/#breadcrumb\",\"itemListElement\":[{\"@type\":\"ListItem\",\"position\":1,\"name\":\"Portada\",\"item\":\"https:\/\/www.policlinicagipuzkoa.com\/eu\/\"},{\"@type\":\"ListItem\",\"position\":2,\"name\":\"Goenagak koadro bat margotu eta eskaini die Policlinica Gipuzkoako profesionalei\"}]},{\"@type\":\"WebSite\",\"@id\":\"https:\/\/www.policlinicagipuzkoa.com\/eu\/#website\",\"url\":\"https:\/\/www.policlinicagipuzkoa.com\/eu\/\",\"name\":\"Policl\u00ednica Gipuzkoa\",\"description\":\"\",\"publisher\":{\"@id\":\"https:\/\/www.policlinicagipuzkoa.com\/eu\/#organization\"},\"potentialAction\":[{\"@type\":\"SearchAction\",\"target\":{\"@type\":\"EntryPoint\",\"urlTemplate\":\"https:\/\/www.policlinicagipuzkoa.com\/eu\/?s={search_term_string}\"},\"query-input\":{\"@type\":\"PropertyValueSpecification\",\"valueRequired\":true,\"valueName\":\"search_term_string\"}}],\"inLanguage\":\"eu\"},{\"@type\":\"Organization\",\"@id\":\"https:\/\/www.policlinicagipuzkoa.com\/eu\/#organization\",\"name\":\"Policl\u00ednica Gipuzkoa\",\"url\":\"https:\/\/www.policlinicagipuzkoa.com\/eu\/\",\"logo\":{\"@type\":\"ImageObject\",\"inLanguage\":\"eu\",\"@id\":\"https:\/\/www.policlinicagipuzkoa.com\/eu\/#\/schema\/logo\/image\/\",\"url\":\"https:\/\/www.policlinicagipuzkoa.com\/wp-content\/uploads\/2016\/12\/FotoLogoPG.jpg\",\"contentUrl\":\"https:\/\/www.policlinicagipuzkoa.com\/wp-content\/uploads\/2016\/12\/FotoLogoPG.jpg\",\"width\":1600,\"height\":800,\"caption\":\"Policl\u00ednica Gipuzkoa\"},\"image\":{\"@id\":\"https:\/\/www.policlinicagipuzkoa.com\/eu\/#\/schema\/logo\/image\/\"},\"sameAs\":[\"https:\/\/www.facebook.com\/policlinicagipuzkoa\",\"https:\/\/x.com\/PolicliGipuzkoa\",\"https:\/\/instagram.com\/policlinicagipuzkoa\/\",\"https:\/\/es.linkedin.com\/company\/policlinica-gipuzkoa\",\"https:\/\/www.youtube.com\/user\/POLICLINICAGIPUZKOA\"]},{\"@type\":\"Person\",\"@id\":\"https:\/\/www.policlinicagipuzkoa.com\/eu\/#\/schema\/person\/5963e1198f477f460d3c16a92318f832\",\"name\":\"Policl\u00ednica Gipuzkoa\"}]}<\/script>\n<!-- \/ Yoast SEO plugin. -->","yoast_head_json":{"title":"Goenagak koadro bat margotu eta eskaini die Policlinica Gipuzkoako profesionalei - Policl\u00ednica Gipuzkoa","robots":{"index":"index","follow":"follow","max-snippet":"max-snippet:-1","max-image-preview":"max-image-preview:large","max-video-preview":"max-video-preview:-1"},"canonical":"https:\/\/www.policlinicagipuzkoa.com\/eu\/berriak\/goenagak-koadro-bat-margotu-eta-eskaini-die-policlinica-gipuzkoako-profesionalei\/","og_locale":"en_US","og_type":"article","og_title":"Goenagak koadro bat margotu eta eskaini die Policlinica Gipuzkoako profesionalei - Policl\u00ednica Gipuzkoa","og_url":"https:\/\/www.policlinicagipuzkoa.com\/eu\/berriak\/goenagak-koadro-bat-margotu-eta-eskaini-die-policlinica-gipuzkoako-profesionalei\/","og_site_name":"Policl\u00ednica Gipuzkoa","article_publisher":"https:\/\/www.facebook.com\/policlinicagipuzkoa","article_published_time":"2022-05-13T12:11:46+00:00","article_modified_time":"2022-07-15T10:27:10+00:00","og_image":[{"width":2470,"height":2560,"url":"https:\/\/www.policlinicagipuzkoa.com\/wp-content\/uploads\/2022\/05\/Telmo-Goenaga-y-Joseba-Vidorreta-scaled.jpg","type":"image\/jpeg"}],"author":"Policl\u00ednica Gipuzkoa","twitter_card":"summary_large_image","twitter_creator":"@PolicliGipuzkoa","twitter_site":"@PolicliGipuzkoa","twitter_misc":{"Written by":"Policl\u00ednica Gipuzkoa","Est. reading time":"2 minutua"},"schema":{"@context":"https:\/\/schema.org","@graph":[{"@type":"Article","@id":"https:\/\/www.policlinicagipuzkoa.com\/eu\/berriak\/goenagak-koadro-bat-margotu-eta-eskaini-die-policlinica-gipuzkoako-profesionalei\/#article","isPartOf":{"@id":"https:\/\/www.policlinicagipuzkoa.com\/eu\/berriak\/goenagak-koadro-bat-margotu-eta-eskaini-die-policlinica-gipuzkoako-profesionalei\/"},"author":{"name":"Policl\u00ednica Gipuzkoa","@id":"https:\/\/www.policlinicagipuzkoa.com\/eu\/#\/schema\/person\/5963e1198f477f460d3c16a92318f832"},"headline":"Goenagak koadro bat margotu eta eskaini die Policlinica Gipuzkoako profesionalei","datePublished":"2022-05-13T12:11:46+00:00","dateModified":"2022-07-15T10:27:10+00:00","mainEntityOfPage":{"@id":"https:\/\/www.policlinicagipuzkoa.com\/eu\/berriak\/goenagak-koadro-bat-margotu-eta-eskaini-die-policlinica-gipuzkoako-profesionalei\/"},"wordCount":362,"publisher":{"@id":"https:\/\/www.policlinicagipuzkoa.com\/eu\/#organization"},"image":{"@id":"https:\/\/www.policlinicagipuzkoa.com\/eu\/berriak\/goenagak-koadro-bat-margotu-eta-eskaini-die-policlinica-gipuzkoako-profesionalei\/#primaryimage"},"thumbnailUrl":"https:\/\/www.policlinicagipuzkoa.com\/wp-content\/uploads\/2022\/05\/Telmo-Goenaga-y-Joseba-Vidorreta-scaled.jpg","keywords":["Donostia","Joseba Vidorreta","Juan Luis Goenaga","Kuadroa","Policl\u00ednica Gipuzkoa"],"inLanguage":"eu"},{"@type":"WebPage","@id":"https:\/\/www.policlinicagipuzkoa.com\/eu\/berriak\/goenagak-koadro-bat-margotu-eta-eskaini-die-policlinica-gipuzkoako-profesionalei\/","url":"https:\/\/www.policlinicagipuzkoa.com\/eu\/berriak\/goenagak-koadro-bat-margotu-eta-eskaini-die-policlinica-gipuzkoako-profesionalei\/","name":"Goenagak koadro bat margotu eta eskaini die Policlinica Gipuzkoako profesionalei - Policl\u00ednica Gipuzkoa","isPartOf":{"@id":"https:\/\/www.policlinicagipuzkoa.com\/eu\/#website"},"primaryImageOfPage":{"@id":"https:\/\/www.policlinicagipuzkoa.com\/eu\/berriak\/goenagak-koadro-bat-margotu-eta-eskaini-die-policlinica-gipuzkoako-profesionalei\/#primaryimage"},"image":{"@id":"https:\/\/www.policlinicagipuzkoa.com\/eu\/berriak\/goenagak-koadro-bat-margotu-eta-eskaini-die-policlinica-gipuzkoako-profesionalei\/#primaryimage"},"thumbnailUrl":"https:\/\/www.policlinicagipuzkoa.com\/wp-content\/uploads\/2022\/05\/Telmo-Goenaga-y-Joseba-Vidorreta-scaled.jpg","datePublished":"2022-05-13T12:11:46+00:00","dateModified":"2022-07-15T10:27:10+00:00","breadcrumb":{"@id":"https:\/\/www.policlinicagipuzkoa.com\/eu\/berriak\/goenagak-koadro-bat-margotu-eta-eskaini-die-policlinica-gipuzkoako-profesionalei\/#breadcrumb"},"inLanguage":"eu","potentialAction":[{"@type":"ReadAction","target":["https:\/\/www.policlinicagipuzkoa.com\/eu\/berriak\/goenagak-koadro-bat-margotu-eta-eskaini-die-policlinica-gipuzkoako-profesionalei\/"]}]},{"@type":"ImageObject","inLanguage":"eu","@id":"https:\/\/www.policlinicagipuzkoa.com\/eu\/berriak\/goenagak-koadro-bat-margotu-eta-eskaini-die-policlinica-gipuzkoako-profesionalei\/#primaryimage","url":"https:\/\/www.policlinicagipuzkoa.com\/wp-content\/uploads\/2022\/05\/Telmo-Goenaga-y-Joseba-Vidorreta-scaled.jpg","contentUrl":"https:\/\/www.policlinicagipuzkoa.com\/wp-content\/uploads\/2022\/05\/Telmo-Goenaga-y-Joseba-Vidorreta-scaled.jpg","width":2470,"height":2560},{"@type":"BreadcrumbList","@id":"https:\/\/www.policlinicagipuzkoa.com\/eu\/berriak\/goenagak-koadro-bat-margotu-eta-eskaini-die-policlinica-gipuzkoako-profesionalei\/#breadcrumb","itemListElement":[{"@type":"ListItem","position":1,"name":"Portada","item":"https:\/\/www.policlinicagipuzkoa.com\/eu\/"},{"@type":"ListItem","position":2,"name":"Goenagak koadro bat margotu eta eskaini die Policlinica Gipuzkoako profesionalei"}]},{"@type":"WebSite","@id":"https:\/\/www.policlinicagipuzkoa.com\/eu\/#website","url":"https:\/\/www.policlinicagipuzkoa.com\/eu\/","name":"Policl\u00ednica Gipuzkoa","description":"","publisher":{"@id":"https:\/\/www.policlinicagipuzkoa.com\/eu\/#organization"},"potentialAction":[{"@type":"SearchAction","target":{"@type":"EntryPoint","urlTemplate":"https:\/\/www.policlinicagipuzkoa.com\/eu\/?s={search_term_string}"},"query-input":{"@type":"PropertyValueSpecification","valueRequired":true,"valueName":"search_term_string"}}],"inLanguage":"eu"},{"@type":"Organization","@id":"https:\/\/www.policlinicagipuzkoa.com\/eu\/#organization","name":"Policl\u00ednica Gipuzkoa","url":"https:\/\/www.policlinicagipuzkoa.com\/eu\/","logo":{"@type":"ImageObject","inLanguage":"eu","@id":"https:\/\/www.policlinicagipuzkoa.com\/eu\/#\/schema\/logo\/image\/","url":"https:\/\/www.policlinicagipuzkoa.com\/wp-content\/uploads\/2016\/12\/FotoLogoPG.jpg","contentUrl":"https:\/\/www.policlinicagipuzkoa.com\/wp-content\/uploads\/2016\/12\/FotoLogoPG.jpg","width":1600,"height":800,"caption":"Policl\u00ednica Gipuzkoa"},"image":{"@id":"https:\/\/www.policlinicagipuzkoa.com\/eu\/#\/schema\/logo\/image\/"},"sameAs":["https:\/\/www.facebook.com\/policlinicagipuzkoa","https:\/\/x.com\/PolicliGipuzkoa","https:\/\/instagram.com\/policlinicagipuzkoa\/","https:\/\/es.linkedin.com\/company\/policlinica-gipuzkoa","https:\/\/www.youtube.com\/user\/POLICLINICAGIPUZKOA"]},{"@type":"Person","@id":"https:\/\/www.policlinicagipuzkoa.com\/eu\/#\/schema\/person\/5963e1198f477f460d3c16a92318f832","name":"Policl\u00ednica Gipuzkoa"}]}},"_links":{"self":[{"href":"https:\/\/www.policlinicagipuzkoa.com\/eu\/wp-json\/wp\/v2\/posts\/102484","targetHints":{"allow":["GET"]}}],"collection":[{"href":"https:\/\/www.policlinicagipuzkoa.com\/eu\/wp-json\/wp\/v2\/posts"}],"about":[{"href":"https:\/\/www.policlinicagipuzkoa.com\/eu\/wp-json\/wp\/v2\/types\/post"}],"author":[{"embeddable":true,"href":"https:\/\/www.policlinicagipuzkoa.com\/eu\/wp-json\/wp\/v2\/users\/5"}],"replies":[{"embeddable":true,"href":"https:\/\/www.policlinicagipuzkoa.com\/eu\/wp-json\/wp\/v2\/comments?post=102484"}],"version-history":[{"count":4,"href":"https:\/\/www.policlinicagipuzkoa.com\/eu\/wp-json\/wp\/v2\/posts\/102484\/revisions"}],"predecessor-version":[{"id":103726,"href":"https:\/\/www.policlinicagipuzkoa.com\/eu\/wp-json\/wp\/v2\/posts\/102484\/revisions\/103726"}],"wp:featuredmedia":[{"embeddable":true,"href":"https:\/\/www.policlinicagipuzkoa.com\/eu\/wp-json\/wp\/v2\/media\/102486"}],"wp:attachment":[{"href":"https:\/\/www.policlinicagipuzkoa.com\/eu\/wp-json\/wp\/v2\/media?parent=102484"}],"wp:term":[{"taxonomy":"category","embeddable":true,"href":"https:\/\/www.policlinicagipuzkoa.com\/eu\/wp-json\/wp\/v2\/categories?post=102484"},{"taxonomy":"post_tag","embeddable":true,"href":"https:\/\/www.policlinicagipuzkoa.com\/eu\/wp-json\/wp\/v2\/tags?post=102484"}],"curies":[{"name":"wp","href":"https:\/\/api.w.org\/{rel}","templated":true}]}}